{"id":4952,"date":"2025-12-28T16:18:28","date_gmt":"2025-12-28T19:18:28","guid":{"rendered":"https:\/\/elpueblonoticia.com.ar\/web\/?p=4952"},"modified":"2025-12-28T16:20:39","modified_gmt":"2025-12-28T19:20:39","slug":"hipocrecia-a-flor-de-piel-eduardo-vischi-jefe-de-los-radicales-en-el-senado-dijo-que-el-gobierno-debe-cumplir-con-la-inversion-prometida-en-educacion","status":"publish","type":"post","link":"https:\/\/elpueblonoticia.com.ar\/web\/2025\/12\/28\/hipocrecia-a-flor-de-piel-eduardo-vischi-jefe-de-los-radicales-en-el-senado-dijo-que-el-gobierno-debe-cumplir-con-la-inversion-prometida-en-educacion\/","title":{"rendered":"Hipocresia a flor de piel : Eduardo Vischi, jefe de los radicales en el Senado dijo que \u00abel gobierno debe cumplir con la inversi\u00f3n prometida en educaci\u00f3n"},"content":{"rendered":"<p><strong>Politica<\/strong><\/p>\n<p>28 de Diciembre de 2025<\/p>\n<p><span class=\"intro\">La hipocrec\u00eda pareciera ser un dogma para algunos legisladores y uno de ellos es el correntino Eduardo Vischi, quien tan solo horas antes del debate en el recinto defendi\u00f3 las leyes de discapacidad y educaci\u00f3n, que fueron aprobadas por una &#8220;mayor\u00eda importante&#8221;, y cuestion\u00f3 la intenci\u00f3n del Gobierno nacional de incluir su derogaci\u00f3n en el Presupuesto, a pesar de ello sus principios y declaraciones no fueron consecuentes con su voto, que claramente desfinacia la educaci\u00f3n. No es la primera vez que el correntino dice algo y luego hace totalmente lo contrario, recordemos que \u00e9l fue el autor de un proyecto para investigar a Milei por la Estafa Libra, que al tratarse en el recinto \u00e9l mismo lo voto en contra, es de aclarar que en el medio hubieron visitas en su despacho.<\/span><\/p>\n<p><span class=\"cuerpo\">El presidente de la bancada radical en la C\u00e1mara alta, Eduardo Vischi, analiz\u00f3 la importancia de la aprobaci\u00f3n del presupuesto en el Senado para el a\u00f1o en curso y enfatiz\u00f3 que la aprobaci\u00f3n de la ley de leyes, \u00abproporcionar\u00e1 previsibilidad a las pol\u00edticas p\u00fablicas\u00bb y, por lo tanto, \u00abes fundamental para el pa\u00eds\u00bb.<\/span><\/p>\n<p>Uno de los puntos nodales en el debate de este viernes se centrar\u00e1 en el art\u00edculo 30 del presupuesto, que fijar\u00e1 pisos para educaci\u00f3n y salud, temas que ya viene generando controversias. Este art\u00edculo est\u00e1 relacionado con la rendici\u00f3n de cuentas del presupuesto universitario.<\/p>\n<p>Vischi no dej\u00f3 pasar la oportunidad para marcar, que desde el kirchnersimo incluyen requisitos que en su oportunidad \u00abellos mismos no cumplen\u00bb. No obstante el correntino, el radicalismo se comprometi\u00f3 a \u00abexigir al gobierno que priorice la educaci\u00f3n\u00bb, a la que consider\u00f3\u00bbla principal soluci\u00f3n para los problemas de Argentina\u00bb.<\/p>\n<p>El parlamentario, expres\u00f3 \u00absu acuerdo con la necesidad de controlar la rendici\u00f3n de cuentas del presupuesto universitario, indicando que no tiene problemas con el art\u00edculo 30 si implica una mayor exigencia de transparencia\u00bb, al tiempo que agreg\u00f3 que se vuelve prioritario, \u00abser honesto y cumplir con las promesas\u00bb.<\/p>\n<p>Se hace imprescindible tener un mapa de ruta respecto a cu\u00e1l es la mirada que tiene el Gobierno y d\u00f3nde va a poner los recursos para los pr\u00f3ximos a\u00f1os<\/p>\n<p>En el mismo sentido, manifest\u00f3 que no est\u00e1n \u00abde acuerdo con la eliminaci\u00f3n de un piso m\u00ednimo para la inversi\u00f3n en educaci\u00f3n e investigaci\u00f3n\u00bb, y reconoci\u00f3 \u00abla urgencia de aprobar el presupuesto\u00bb. Puesto que es \u00abimportante que el gobierno cumpla con la inversi\u00f3n prometida en educaci\u00f3n, en lugar de mantener pisos hist\u00f3ricos que nunca se han cumplido\u00bb.<\/p>\n<p>Finalmente, critic\u00f3 al gobierno de Javier Milei, por \u00abno haber presentado presupuestos en los \u00faltimos dos a\u00f1os\u00bb, y se\u00f1al\u00f3 que es una \u00abfalta de respeto a las instituciones\u00bb. Se subraya que el presupuesto no solo beneficia al gobierno, sino tambi\u00e9n al sector privado y a las provincias, ya que proporciona las variables necesarias para la planificaci\u00f3n y la prevenci\u00f3n durante el a\u00f1o.<\/p>\n<p>Con informaci\u00f3n de Conclusi\u00f3n<\/p>\n","protected":false},"excerpt":{"rendered":"<p>Politica 28 de Diciembre de 2025 La hipocrec\u00eda pareciera ser un dogma para algunos legisladores y uno de ellos es el correntino Eduardo Vischi, quien tan solo horas antes del debate en el recinto defendi\u00f3 las leyes de discapacidad y educaci\u00f3n, que fueron aprobadas por una &#8220;mayor\u00eda importante&#8221;, y cuestion\u00f3 la intenci\u00f3n del Gobierno nacional [&hellip;]<\/p>\n","protected":false},"author":2,"featured_media":4953,"comment_status":"open","ping_status":"open","sticky":false,"template":"","format":"standard","meta":{"footnotes":""},"categories":[77],"tags":[],"class_list":{"0":"post-4952","1":"post","2":"type-post","3":"status-publish","4":"format-standard","5":"has-post-thumbnail","7":"category-paso-de-los-libres"},"_links":{"self":[{"href":"https:\/\/elpueblonoticia.com.ar\/web\/wp-json\/wp\/v2\/posts\/4952","targetHints":{"allow":["GET"]}}],"collection":[{"href":"https:\/\/elpueblonoticia.com.ar\/web\/wp-json\/wp\/v2\/posts"}],"about":[{"href":"https:\/\/elpueblonoticia.com.ar\/web\/wp-json\/wp\/v2\/types\/post"}],"author":[{"embeddable":true,"href":"https:\/\/elpueblonoticia.com.ar\/web\/wp-json\/wp\/v2\/users\/2"}],"replies":[{"embeddable":true,"href":"https:\/\/elpueblonoticia.com.ar\/web\/wp-json\/wp\/v2\/comments?post=4952"}],"version-history":[{"count":2,"href":"https:\/\/elpueblonoticia.com.ar\/web\/wp-json\/wp\/v2\/posts\/4952\/revisions"}],"predecessor-version":[{"id":4955,"href":"https:\/\/elpueblonoticia.com.ar\/web\/wp-json\/wp\/v2\/posts\/4952\/revisions\/4955"}],"wp:featuredmedia":[{"embeddable":true,"href":"https:\/\/elpueblonoticia.com.ar\/web\/wp-json\/wp\/v2\/media\/4953"}],"wp:attachment":[{"href":"https:\/\/elpueblonoticia.com.ar\/web\/wp-json\/wp\/v2\/media?parent=4952"}],"wp:term":[{"taxonomy":"category","embeddable":true,"href":"https:\/\/elpueblonoticia.com.ar\/web\/wp-json\/wp\/v2\/categories?post=4952"},{"taxonomy":"post_tag","embeddable":true,"href":"https:\/\/elpueblonoticia.com.ar\/web\/wp-json\/wp\/v2\/tags?post=4952"}],"curies":[{"name":"wp","href":"https:\/\/api.w.org\/{rel}","templated":true}]}}