{"id":4949,"date":"2025-12-28T16:03:24","date_gmt":"2025-12-28T19:03:24","guid":{"rendered":"https:\/\/elpueblonoticia.com.ar\/web\/?p=4949"},"modified":"2025-12-28T16:03:24","modified_gmt":"2025-12-28T19:03:24","slug":"una-lancha-con-ocho-ocupantes-volco-en-el-rio-parana-y-hay-dos-personas-desaparecidas","status":"publish","type":"post","link":"https:\/\/elpueblonoticia.com.ar\/web\/2025\/12\/28\/una-lancha-con-ocho-ocupantes-volco-en-el-rio-parana-y-hay-dos-personas-desaparecidas\/","title":{"rendered":"Una lancha con ocho ocupantes volc\u00f3 en el r\u00edo Paran\u00e1 y hay dos personas desaparecidas"},"content":{"rendered":"<p><strong>Policiales<\/strong><\/p>\n<p>28 de Diciembre de 2025<\/p>\n<div class=\"x14z9mp xat24cr x1lziwak x1vvkbs xtlvy1s x126k92a\">\n<div dir=\"auto\">Un accidente n\u00e1utico se registr\u00f3 este domingo en el r\u00edo Paran\u00e1, a la altura del kil\u00f3metro 1198, en la ciudad de Corrientes, donde una embarcaci\u00f3n con ocho ocupantes termin\u00f3 volcando por causas que a\u00fan se investigan.<\/div>\n<\/div>\n<div class=\"x14z9mp xat24cr x1lziwak x1vvkbs xtlvy1s x126k92a\">\n<div dir=\"auto\">De acuerdo a lo informado por la Prefectura Naval, la lancha denominada \u201cFortuna\u201d perdi\u00f3 estabilidad mientras navegaba y se dio vuelta, lo que provoc\u00f3 que todas las personas a bordo cayeran al agua.<\/div>\n<\/div>\n<div class=\"x14z9mp xat24cr x1lziwak x1vvkbs xtlvy1s x126k92a\">\n<div dir=\"auto\">Como resultado del siniestro, seis de los tripulantes fueron auxiliados y rescatados por una embarcaci\u00f3n particular denominada \u201cLa Turca\u201d, que los traslad\u00f3 hasta una zona segura de la costa.<\/div>\n<\/div>\n<div class=\"x14z9mp xat24cr x1lziwak x1vvkbs xtlvy1s x126k92a\">\n<div dir=\"auto\">Las personas que contin\u00faan siendo intensamente buscadas fueron identificadas como Sergio Estorti, de 43 a\u00f1os, y Melina, de 34 a\u00f1os.<\/div>\n<\/div>\n","protected":false},"excerpt":{"rendered":"<p>Policiales 28 de Diciembre de 2025 Un accidente n\u00e1utico se registr\u00f3 este domingo en el r\u00edo Paran\u00e1, a la altura del kil\u00f3metro 1198, en la ciudad de Corrientes, donde una embarcaci\u00f3n con ocho ocupantes termin\u00f3 volcando por causas que a\u00fan se investigan. De acuerdo a lo informado por la Prefectura Naval, la lancha denominada \u201cFortuna\u201d [&hellip;]<\/p>\n","protected":false},"author":2,"featured_media":4950,"comment_status":"open","ping_status":"open","sticky":false,"template":"","format":"standard","meta":{"footnotes":""},"categories":[72],"tags":[],"class_list":{"0":"post-4949","1":"post","2":"type-post","3":"status-publish","4":"format-standard","5":"has-post-thumbnail","7":"category-provinciales"},"_links":{"self":[{"href":"https:\/\/elpueblonoticia.com.ar\/web\/wp-json\/wp\/v2\/posts\/4949","targetHints":{"allow":["GET"]}}],"collection":[{"href":"https:\/\/elpueblonoticia.com.ar\/web\/wp-json\/wp\/v2\/posts"}],"about":[{"href":"https:\/\/elpueblonoticia.com.ar\/web\/wp-json\/wp\/v2\/types\/post"}],"author":[{"embeddable":true,"href":"https:\/\/elpueblonoticia.com.ar\/web\/wp-json\/wp\/v2\/users\/2"}],"replies":[{"embeddable":true,"href":"https:\/\/elpueblonoticia.com.ar\/web\/wp-json\/wp\/v2\/comments?post=4949"}],"version-history":[{"count":1,"href":"https:\/\/elpueblonoticia.com.ar\/web\/wp-json\/wp\/v2\/posts\/4949\/revisions"}],"predecessor-version":[{"id":4951,"href":"https:\/\/elpueblonoticia.com.ar\/web\/wp-json\/wp\/v2\/posts\/4949\/revisions\/4951"}],"wp:featuredmedia":[{"embeddable":true,"href":"https:\/\/elpueblonoticia.com.ar\/web\/wp-json\/wp\/v2\/media\/4950"}],"wp:attachment":[{"href":"https:\/\/elpueblonoticia.com.ar\/web\/wp-json\/wp\/v2\/media?parent=4949"}],"wp:term":[{"taxonomy":"category","embeddable":true,"href":"https:\/\/elpueblonoticia.com.ar\/web\/wp-json\/wp\/v2\/categories?post=4949"},{"taxonomy":"post_tag","embeddable":true,"href":"https:\/\/elpueblonoticia.com.ar\/web\/wp-json\/wp\/v2\/tags?post=4949"}],"curies":[{"name":"wp","href":"https:\/\/api.w.org\/{rel}","templated":true}]}}