{"id":4946,"date":"2025-12-28T15:48:15","date_gmt":"2025-12-28T18:48:15","guid":{"rendered":"https:\/\/elpueblonoticia.com.ar\/web\/?p=4946"},"modified":"2025-12-29T08:27:09","modified_gmt":"2025-12-29T11:27:09","slug":"un-preso-sufrio-un-aparente-infarto-se-descompenso-y-fallecio-en-paso-de-los-libres","status":"publish","type":"post","link":"https:\/\/elpueblonoticia.com.ar\/web\/2025\/12\/28\/un-preso-sufrio-un-aparente-infarto-se-descompenso-y-fallecio-en-paso-de-los-libres\/","title":{"rendered":"UN PRESO SUFRI\u00d2 UN APARENTE INFARTO SE DESCOMPENS\u00d2 Y FALLECI\u00d2 EN PASO DE LOS LIBRES."},"content":{"rendered":"<p><strong>Policiales<\/strong><\/p>\n<p>28 de Diciembre de 2025<\/p>\n<p>Informaci\u00f3n aportada por un familia.<\/p>\n<div data-breakout=\"normal\">\n<p id=\"viewer-mvhei480\" class=\"Hasdr P8FAI _18oPJ DWkY9\" dir=\"auto\"><span class=\"I47Iv\">Sucedio el dia s\u00e0bado 27 de diciembre de 2025 a las 19,30 horas, cuando el preso de apellido Ledesma,\u00a0 estaba preparando mate y segun sus compa\u00f1eros de celda diejeron que se descompens\u00f2 por un ataque al coraz\u00f2n.<\/span><\/p>\n<\/div>\n<div data-hook=\"rcv-block2\">L<\/div>\n<div data-breakout=\"normal\">\n<div id=\"viewer-m7n3s712\" class=\"Hasdr P8FAI _18oPJ DWkY9\" dir=\"auto\">Inmediatamente se da aviso a la guardia que sin espera personal policial comienza a asistrlo con maniobras de RCP, posteriormente se lo traslada al hospital san Jos\u00e8 pero pese al esfuerzo de los m\u00e8dicos falleci\u00f2.<\/div>\n<\/div>\n<div data-hook=\"rcv-block4\"><\/div>\n<div data-breakout=\"normal\">\n<div id=\"viewer-cc92d1213\" class=\"Hasdr P8FAI _18oPJ DWkY9\" dir=\"auto\"><span class=\"I47Iv\">\u00a0<\/span><\/div>\n<\/div>\n<div data-hook=\"rcv-block5\">El fiscal en turno determin\u00f2 la realizaci\u00f2n de una autopsia a fin de determinar fehacieintemente las causas del deceso.<\/div>\n<div data-hook=\"rcv-block5\"><\/div>\n<div data-hook=\"rcv-block5\">Ampliaremos<\/div>\n","protected":false},"excerpt":{"rendered":"<p>Policiales 28 de Diciembre de 2025 Informaci\u00f3n aportada por un familia. Sucedio el dia s\u00e0bado 27 de diciembre de 2025 a las 19,30 horas, cuando el preso de apellido Ledesma,\u00a0 estaba preparando mate y segun sus compa\u00f1eros de celda diejeron que se descompens\u00f2 por un ataque al coraz\u00f2n. L Inmediatamente se da aviso a la [&hellip;]<\/p>\n","protected":false},"author":2,"featured_media":4947,"comment_status":"open","ping_status":"open","sticky":false,"template":"","format":"standard","meta":{"footnotes":""},"categories":[77],"tags":[],"class_list":{"0":"post-4946","1":"post","2":"type-post","3":"status-publish","4":"format-standard","5":"has-post-thumbnail","7":"category-paso-de-los-libres"},"_links":{"self":[{"href":"https:\/\/elpueblonoticia.com.ar\/web\/wp-json\/wp\/v2\/posts\/4946","targetHints":{"allow":["GET"]}}],"collection":[{"href":"https:\/\/elpueblonoticia.com.ar\/web\/wp-json\/wp\/v2\/posts"}],"about":[{"href":"https:\/\/elpueblonoticia.com.ar\/web\/wp-json\/wp\/v2\/types\/post"}],"author":[{"embeddable":true,"href":"https:\/\/elpueblonoticia.com.ar\/web\/wp-json\/wp\/v2\/users\/2"}],"replies":[{"embeddable":true,"href":"https:\/\/elpueblonoticia.com.ar\/web\/wp-json\/wp\/v2\/comments?post=4946"}],"version-history":[{"count":3,"href":"https:\/\/elpueblonoticia.com.ar\/web\/wp-json\/wp\/v2\/posts\/4946\/revisions"}],"predecessor-version":[{"id":4960,"href":"https:\/\/elpueblonoticia.com.ar\/web\/wp-json\/wp\/v2\/posts\/4946\/revisions\/4960"}],"wp:featuredmedia":[{"embeddable":true,"href":"https:\/\/elpueblonoticia.com.ar\/web\/wp-json\/wp\/v2\/media\/4947"}],"wp:attachment":[{"href":"https:\/\/elpueblonoticia.com.ar\/web\/wp-json\/wp\/v2\/media?parent=4946"}],"wp:term":[{"taxonomy":"category","embeddable":true,"href":"https:\/\/elpueblonoticia.com.ar\/web\/wp-json\/wp\/v2\/categories?post=4946"},{"taxonomy":"post_tag","embeddable":true,"href":"https:\/\/elpueblonoticia.com.ar\/web\/wp-json\/wp\/v2\/tags?post=4946"}],"curies":[{"name":"wp","href":"https:\/\/api.w.org\/{rel}","templated":true}]}}