{"id":4936,"date":"2025-12-22T11:23:52","date_gmt":"2025-12-22T14:23:52","guid":{"rendered":"https:\/\/elpueblonoticia.com.ar\/web\/?p=4936"},"modified":"2025-12-22T11:36:27","modified_gmt":"2025-12-22T14:36:27","slug":"la-lucha-por-el-poder-en-la-municipalidad-librena","status":"publish","type":"post","link":"https:\/\/elpueblonoticia.com.ar\/web\/2025\/12\/22\/la-lucha-por-el-poder-en-la-municipalidad-librena\/","title":{"rendered":"LA LUCHA POR EL PODER EN LA MUNICIPALIDAD LIBRE\u00d1A"},"content":{"rendered":"<p><strong>Editorial: por Rol\u00f3n Javier Adrian<\/strong><\/p>\n<p>Lunes 22 de Diciembre de 2025<\/p>\n<div class=\"x14z9mp xat24cr x1lziwak x1vvkbs xtlvy1s x126k92a\">\n<div dir=\"auto\">En un movimiento que ha generado gran revuelo en la pol\u00edtica local, el intendente Agustin Faraldo ha demostrado una vez m\u00e1s que es \u00e9l quien tiene la \u00faltima palabra en las decisiones. La designaci\u00f3n de Cristian Ortiz como responsable de Desarrollo Humano y Acci\u00f3n Social es un claro ejemplo de su poder y control sobre la administraci\u00f3n municipal.<\/div>\n<div dir=\"auto\"><\/div>\n<\/div>\n<div class=\"x14z9mp xat24cr x1lziwak x1vvkbs xtlvy1s x126k92a\">\n<div dir=\"auto\">La lucha interna entre los sectores de Ana Mi\u00f1o y el Chelo Sincobes, que quer\u00edan imponer a su propio candidato, y el comit\u00e9 radical, que quer\u00eda colocar a alguien de la juventud radical, fue finalmente resuelta por el intendente, que decidi\u00f3 cumplir con un socio pol\u00edtico, Cristian Ortiz, propuesto por el concejal N\u00fa\u00f1ez.<\/div>\n<div dir=\"auto\"><\/div>\n<\/div>\n<div class=\"x14z9mp xat24cr x1lziwak x1vvkbs xtlvy1s x126k92a\">\n<div dir=\"auto\">Lo que llama la atenci\u00f3n es que el intendente quer\u00eda colocar a Goia Danuzzo en ese lugar, pero decidi\u00f3 mantenerla en su funci\u00f3n actual para el a\u00f1o que viene en el consejo deliberante. <strong>\u00bfSer\u00e1 que el intendente est\u00e1 jugando a largo plazo, o simplemente est\u00e1 demostrando su poder y control sobre la municipalidad?<\/strong><\/div>\n<div dir=\"auto\">Lo cierto es que la designaci\u00f3n de Cristian Ortiz es un golpe para los sectores que quer\u00edan imponer a su propio candidato, y un recordatorio de que en la pol\u00edtica, el poder es el que manda. El intendente ha demostrado que es \u00e9l quien tiene la lapicera, y que no se dejar\u00e1 influenciar por los deseos de otros.<\/div>\n<div dir=\"auto\"><\/div>\n<\/div>\n<div class=\"x14z9mp xat24cr x1lziwak x1vvkbs xtlvy1s x126k92a\">\n<div dir=\"auto\"><strong>\u00bfHasta cu\u00e1ndo durar\u00e1 este equilibrio de poder en la municipalidad?<\/strong> Solo el tiempo lo dir\u00e1.<\/div>\n<\/div>\n","protected":false},"excerpt":{"rendered":"<p>Editorial: por Rol\u00f3n Javier Adrian Lunes 22 de Diciembre de 2025 En un movimiento que ha generado gran revuelo en la pol\u00edtica local, el intendente Agustin Faraldo ha demostrado una vez m\u00e1s que es \u00e9l quien tiene la \u00faltima palabra en las decisiones. La designaci\u00f3n de Cristian Ortiz como responsable de Desarrollo Humano y Acci\u00f3n [&hellip;]<\/p>\n","protected":false},"author":2,"featured_media":4938,"comment_status":"open","ping_status":"open","sticky":false,"template":"","format":"standard","meta":{"footnotes":""},"categories":[77],"tags":[],"class_list":{"0":"post-4936","1":"post","2":"type-post","3":"status-publish","4":"format-standard","5":"has-post-thumbnail","7":"category-paso-de-los-libres"},"_links":{"self":[{"href":"https:\/\/elpueblonoticia.com.ar\/web\/wp-json\/wp\/v2\/posts\/4936","targetHints":{"allow":["GET"]}}],"collection":[{"href":"https:\/\/elpueblonoticia.com.ar\/web\/wp-json\/wp\/v2\/posts"}],"about":[{"href":"https:\/\/elpueblonoticia.com.ar\/web\/wp-json\/wp\/v2\/types\/post"}],"author":[{"embeddable":true,"href":"https:\/\/elpueblonoticia.com.ar\/web\/wp-json\/wp\/v2\/users\/2"}],"replies":[{"embeddable":true,"href":"https:\/\/elpueblonoticia.com.ar\/web\/wp-json\/wp\/v2\/comments?post=4936"}],"version-history":[{"count":3,"href":"https:\/\/elpueblonoticia.com.ar\/web\/wp-json\/wp\/v2\/posts\/4936\/revisions"}],"predecessor-version":[{"id":4941,"href":"https:\/\/elpueblonoticia.com.ar\/web\/wp-json\/wp\/v2\/posts\/4936\/revisions\/4941"}],"wp:featuredmedia":[{"embeddable":true,"href":"https:\/\/elpueblonoticia.com.ar\/web\/wp-json\/wp\/v2\/media\/4938"}],"wp:attachment":[{"href":"https:\/\/elpueblonoticia.com.ar\/web\/wp-json\/wp\/v2\/media?parent=4936"}],"wp:term":[{"taxonomy":"category","embeddable":true,"href":"https:\/\/elpueblonoticia.com.ar\/web\/wp-json\/wp\/v2\/categories?post=4936"},{"taxonomy":"post_tag","embeddable":true,"href":"https:\/\/elpueblonoticia.com.ar\/web\/wp-json\/wp\/v2\/tags?post=4936"}],"curies":[{"name":"wp","href":"https:\/\/api.w.org\/{rel}","templated":true}]}}