{"id":4933,"date":"2025-12-22T10:22:14","date_gmt":"2025-12-22T13:22:14","guid":{"rendered":"https:\/\/elpueblonoticia.com.ar\/web\/?p=4933"},"modified":"2025-12-22T10:22:14","modified_gmt":"2025-12-22T13:22:14","slug":"reunion-con-referentes-de-comedores-y-merenderos-comunitarios","status":"publish","type":"post","link":"https:\/\/elpueblonoticia.com.ar\/web\/2025\/12\/22\/reunion-con-referentes-de-comedores-y-merenderos-comunitarios\/","title":{"rendered":"Reuni\u00f3n con referentes de comedores y merenderos comunitarios"},"content":{"rendered":"<p><strong>Informaci\u00f3n general<\/strong><\/p>\n<p>Lunes 22 de Diciembre de 2025<\/p>\n<p data-olk-copy-source=\"MessageBody\">El\u00a0<strong>secretario de Desarrollo Humano del Municipio de Paso de los Libres, Cristian Ortiz<\/strong>, encabez\u00f3 una reuni\u00f3n de trabajo con\u00a0<strong>referentes de comedores comunitarios y merenderos<\/strong>\u00a0de la ciudad.<\/p>\n<p>El encuentro tuvo como objetivo\u00a0<strong>organizar y coordinar acciones<\/strong>\u00a0que permitan brindar una\u00a0<strong>mejor atenci\u00f3n<\/strong>\u00a0a las familias que asisten a estos espacios, fortaleciendo el trabajo conjunto y el acompa\u00f1amiento desde el Municipio.<\/p>\n<p>Durante la reuni\u00f3n se dialog\u00f3 sobre el funcionamiento de los comedores y merenderos, las necesidades actuales y la importancia de continuar articulando esfuerzos para optimizar los recursos y mejorar la respuesta social.<\/p>\n<p>Desde la Secretar\u00eda de Desarrollo Humano se destac\u00f3 el valor del trabajo que realizan los referentes comunitarios y se reafirm\u00f3 el compromiso de seguir acompa\u00f1ando estas iniciativas que cumplen un rol fundamental en la contenci\u00f3n social.<\/p>\n","protected":false},"excerpt":{"rendered":"<p>Informaci\u00f3n general Lunes 22 de Diciembre de 2025 El\u00a0secretario de Desarrollo Humano del Municipio de Paso de los Libres, Cristian Ortiz, encabez\u00f3 una reuni\u00f3n de trabajo con\u00a0referentes de comedores comunitarios y merenderos\u00a0de la ciudad. El encuentro tuvo como objetivo\u00a0organizar y coordinar acciones\u00a0que permitan brindar una\u00a0mejor atenci\u00f3n\u00a0a las familias que asisten a estos espacios, fortaleciendo el [&hellip;]<\/p>\n","protected":false},"author":2,"featured_media":4934,"comment_status":"open","ping_status":"open","sticky":false,"template":"","format":"standard","meta":{"footnotes":""},"categories":[77],"tags":[],"class_list":{"0":"post-4933","1":"post","2":"type-post","3":"status-publish","4":"format-standard","5":"has-post-thumbnail","7":"category-paso-de-los-libres"},"_links":{"self":[{"href":"https:\/\/elpueblonoticia.com.ar\/web\/wp-json\/wp\/v2\/posts\/4933","targetHints":{"allow":["GET"]}}],"collection":[{"href":"https:\/\/elpueblonoticia.com.ar\/web\/wp-json\/wp\/v2\/posts"}],"about":[{"href":"https:\/\/elpueblonoticia.com.ar\/web\/wp-json\/wp\/v2\/types\/post"}],"author":[{"embeddable":true,"href":"https:\/\/elpueblonoticia.com.ar\/web\/wp-json\/wp\/v2\/users\/2"}],"replies":[{"embeddable":true,"href":"https:\/\/elpueblonoticia.com.ar\/web\/wp-json\/wp\/v2\/comments?post=4933"}],"version-history":[{"count":1,"href":"https:\/\/elpueblonoticia.com.ar\/web\/wp-json\/wp\/v2\/posts\/4933\/revisions"}],"predecessor-version":[{"id":4935,"href":"https:\/\/elpueblonoticia.com.ar\/web\/wp-json\/wp\/v2\/posts\/4933\/revisions\/4935"}],"wp:featuredmedia":[{"embeddable":true,"href":"https:\/\/elpueblonoticia.com.ar\/web\/wp-json\/wp\/v2\/media\/4934"}],"wp:attachment":[{"href":"https:\/\/elpueblonoticia.com.ar\/web\/wp-json\/wp\/v2\/media?parent=4933"}],"wp:term":[{"taxonomy":"category","embeddable":true,"href":"https:\/\/elpueblonoticia.com.ar\/web\/wp-json\/wp\/v2\/categories?post=4933"},{"taxonomy":"post_tag","embeddable":true,"href":"https:\/\/elpueblonoticia.com.ar\/web\/wp-json\/wp\/v2\/tags?post=4933"}],"curies":[{"name":"wp","href":"https:\/\/api.w.org\/{rel}","templated":true}]}}