{"id":4929,"date":"2025-12-22T10:18:05","date_gmt":"2025-12-22T13:18:05","guid":{"rendered":"https:\/\/elpueblonoticia.com.ar\/web\/?p=4929"},"modified":"2025-12-22T10:18:05","modified_gmt":"2025-12-22T13:18:05","slug":"el-municipio-de-paso-de-los-libres-se-adhiere-al-cronograma-de-asuetos-provinciales","status":"publish","type":"post","link":"https:\/\/elpueblonoticia.com.ar\/web\/2025\/12\/22\/el-municipio-de-paso-de-los-libres-se-adhiere-al-cronograma-de-asuetos-provinciales\/","title":{"rendered":"El Municipio de Paso de los Libres se adhiere al cronograma de asuetos provinciales"},"content":{"rendered":"<p><strong>Informaci\u00f3n general<\/strong><\/p>\n<p>Lunes 22 de Diciembre de 2025<\/p>\n<p data-olk-copy-source=\"MessageBody\">La Municipalidad de Paso de los Libres,\u00a0<strong>encabezada por el intendente Agust\u00edn Faraldo<\/strong>, informa que se adherir\u00e1 al\u00a0<strong>cronograma de asuetos administrativos<\/strong>\u00a0dispuesto por el gobernador de la provincia de Corrientes,\u00a0<strong>Juan Pablo Vald\u00e9s<\/strong>, de cara al cierre del a\u00f1o 2025 y el inicio de 2026.<\/p>\n<p>El Gobierno provincial oficializ\u00f3 las fechas mediante los\u00a0<strong>Decretos N\u00b0 49 y 50<\/strong>, que establecen los d\u00edas de descanso para el personal de la Administraci\u00f3n P\u00fablica Provincial, organismos descentralizados y entes aut\u00e1rquicos, en el marco de las festividades de Navidad y A\u00f1o Nuevo.<\/p>\n<p>De acuerdo a lo establecido, los d\u00edas de\u00a0<strong>asueto administrativo<\/strong>\u00a0ser\u00e1n los siguientes:<\/p>\n<ul>\n<li><strong>Diciembre de 2025:<\/strong>\u00a0mi\u00e9rcoles 24, viernes 26 y mi\u00e9rcoles 31.<\/li>\n<li><strong>Enero de 2026:<\/strong>\u00a0viernes 2.<\/li>\n<\/ul>\n<p>La adhesi\u00f3n a este cronograma busca acompa\u00f1ar lo dispuesto a nivel provincial y permitir una adecuada organizaci\u00f3n administrativa durante las celebraciones de fin de a\u00f1o.<\/p>\n<p><img loading=\"lazy\" decoding=\"async\" class=\"alignnone size-medium wp-image-4930\" src=\"https:\/\/elpueblonoticia.com.ar\/web\/wp-content\/uploads\/2025\/12\/4-169x300.png\" alt=\"\" width=\"169\" height=\"300\" srcset=\"https:\/\/elpueblonoticia.com.ar\/web\/wp-content\/uploads\/2025\/12\/4-169x300.png 169w, https:\/\/elpueblonoticia.com.ar\/web\/wp-content\/uploads\/2025\/12\/4-576x1024.png 576w, https:\/\/elpueblonoticia.com.ar\/web\/wp-content\/uploads\/2025\/12\/4-768x1365.png 768w, https:\/\/elpueblonoticia.com.ar\/web\/wp-content\/uploads\/2025\/12\/4-864x1536.png 864w, https:\/\/elpueblonoticia.com.ar\/web\/wp-content\/uploads\/2025\/12\/4-236x420.png 236w, https:\/\/elpueblonoticia.com.ar\/web\/wp-content\/uploads\/2025\/12\/4-696x1237.png 696w, https:\/\/elpueblonoticia.com.ar\/web\/wp-content\/uploads\/2025\/12\/4-1068x1899.png 1068w, https:\/\/elpueblonoticia.com.ar\/web\/wp-content\/uploads\/2025\/12\/4.png 1080w\" sizes=\"auto, (max-width: 169px) 100vw, 169px\" \/><\/p>\n","protected":false},"excerpt":{"rendered":"<p>Informaci\u00f3n general Lunes 22 de Diciembre de 2025 La Municipalidad de Paso de los Libres,\u00a0encabezada por el intendente Agust\u00edn Faraldo, informa que se adherir\u00e1 al\u00a0cronograma de asuetos administrativos\u00a0dispuesto por el gobernador de la provincia de Corrientes,\u00a0Juan Pablo Vald\u00e9s, de cara al cierre del a\u00f1o 2025 y el inicio de 2026. El Gobierno provincial oficializ\u00f3 las [&hellip;]<\/p>\n","protected":false},"author":2,"featured_media":4931,"comment_status":"open","ping_status":"open","sticky":false,"template":"","format":"standard","meta":{"footnotes":""},"categories":[77],"tags":[],"class_list":{"0":"post-4929","1":"post","2":"type-post","3":"status-publish","4":"format-standard","5":"has-post-thumbnail","7":"category-paso-de-los-libres"},"_links":{"self":[{"href":"https:\/\/elpueblonoticia.com.ar\/web\/wp-json\/wp\/v2\/posts\/4929","targetHints":{"allow":["GET"]}}],"collection":[{"href":"https:\/\/elpueblonoticia.com.ar\/web\/wp-json\/wp\/v2\/posts"}],"about":[{"href":"https:\/\/elpueblonoticia.com.ar\/web\/wp-json\/wp\/v2\/types\/post"}],"author":[{"embeddable":true,"href":"https:\/\/elpueblonoticia.com.ar\/web\/wp-json\/wp\/v2\/users\/2"}],"replies":[{"embeddable":true,"href":"https:\/\/elpueblonoticia.com.ar\/web\/wp-json\/wp\/v2\/comments?post=4929"}],"version-history":[{"count":1,"href":"https:\/\/elpueblonoticia.com.ar\/web\/wp-json\/wp\/v2\/posts\/4929\/revisions"}],"predecessor-version":[{"id":4932,"href":"https:\/\/elpueblonoticia.com.ar\/web\/wp-json\/wp\/v2\/posts\/4929\/revisions\/4932"}],"wp:featuredmedia":[{"embeddable":true,"href":"https:\/\/elpueblonoticia.com.ar\/web\/wp-json\/wp\/v2\/media\/4931"}],"wp:attachment":[{"href":"https:\/\/elpueblonoticia.com.ar\/web\/wp-json\/wp\/v2\/media?parent=4929"}],"wp:term":[{"taxonomy":"category","embeddable":true,"href":"https:\/\/elpueblonoticia.com.ar\/web\/wp-json\/wp\/v2\/categories?post=4929"},{"taxonomy":"post_tag","embeddable":true,"href":"https:\/\/elpueblonoticia.com.ar\/web\/wp-json\/wp\/v2\/tags?post=4929"}],"curies":[{"name":"wp","href":"https:\/\/api.w.org\/{rel}","templated":true}]}}