{"id":4925,"date":"2025-12-22T10:13:01","date_gmt":"2025-12-22T13:13:01","guid":{"rendered":"https:\/\/elpueblonoticia.com.ar\/web\/?p=4925"},"modified":"2025-12-22T10:13:01","modified_gmt":"2025-12-22T13:13:01","slug":"se-realizo-el-lanzamiento-oficial-del-carnaval-2026-en-paso-de-los-libres","status":"publish","type":"post","link":"https:\/\/elpueblonoticia.com.ar\/web\/2025\/12\/22\/se-realizo-el-lanzamiento-oficial-del-carnaval-2026-en-paso-de-los-libres\/","title":{"rendered":"SE REALIZ\u00d3 EL LANZAMIENTO OFICIAL DEL CARNAVAL 2026 EN PASO DE LOS LIBRES"},"content":{"rendered":"<p><strong>Carnavales 2026<\/strong><\/p>\n<p>Lunes 22 de Diciembre 2025<\/p>\n<p data-olk-copy-source=\"MessageBody\">Este s\u00e1bado se llev\u00f3 a cabo el lanzamiento oficial del\u00a0<strong>Carnaval 2026 de Paso de los Libres<\/strong>\u00a0en el\u00a0<strong>Anfiteatro Carlos Gomes<\/strong>, en una noche cargada de emoci\u00f3n, identidad cultural y fuerte acompa\u00f1amiento del p\u00fablico, a pesar de las adversas condiciones clim\u00e1ticas.<\/p>\n<p>Durante el evento se realiz\u00f3 la\u00a0<strong>presentaci\u00f3n oficial de la nueva Comisi\u00f3n Directiva del Carnaval<\/strong>, que tendr\u00e1 a su cargo la organizaci\u00f3n de la pr\u00f3xima edici\u00f3n, integrada por\u00a0<strong>Omar Cardozo, Tutti P\u00e9rez, Celia Barboza y Natalia Ram\u00edrez<\/strong>. Asimismo, se present\u00f3 a la\u00a0<strong>nueva Corte del Carnaval 2026<\/strong>, conformada por\u00a0<strong>Mart\u00edn Coutinho como Rey Momo<\/strong>,\u00a0<strong>Lourdes Di Marco<\/strong>,\u00a0<strong>Verenice Vargas<\/strong>,\u00a0<strong>Agustina Rivero<\/strong>\u00a0y\u00a0<strong>Yesica Vericat<\/strong>, Embajadora del Mercosur.<\/p>\n<p>En el marco del acto, se rindi\u00f3 un emotivo\u00a0<strong>homenaje a Horacio Zapata<\/strong>, hist\u00f3rico Rey Momo del carnaval libre\u00f1o, en reconocimiento a los a\u00f1os de alegr\u00eda, compromiso y pasi\u00f3n que brind\u00f3 a la m\u00e1xima fiesta popular de la ciudad.<\/p>\n<p>A pesar de la\u00a0<strong>lluvia torrencial<\/strong>\u00a0registrada durante la noche, el p\u00fablico acompa\u00f1\u00f3 masivamente el lanzamiento, demostrando una vez m\u00e1s el profundo arraigo del carnaval en la comunidad. En ese contexto, se concretaron las presentaciones de las comparsas\u00a0<strong>Carumb\u00e9, Tradici\u00f3n y Zum Zum<\/strong>. La comparsa\u00a0<strong>Linda Flor<\/strong>\u00a0no pudo realizar su presentaci\u00f3n debido a las condiciones clim\u00e1ticas.<\/p>\n<p>Uno de los momentos m\u00e1s esperados fue el\u00a0<strong>sorteo del orden de desfile del Carnaval 2026<\/strong>, que qued\u00f3 establecido de la siguiente manera:<br \/>\n\u2013\u00a0<strong>Primera noche (31 de enero):<\/strong>\u00a0Linda Flor, Tradici\u00f3n, Carumb\u00e9 y Zum Zum.<br \/>\n\u2013\u00a0<strong>Segunda noche (7 de febrero):<\/strong>\u00a0Carumb\u00e9, Linda Flor, Zum Zum y Tradici\u00f3n.<br \/>\n\u2013\u00a0<strong>Tercera noche (14 de febrero):<\/strong>\u00a0Tradici\u00f3n, Carumb\u00e9, Linda Flor y Zum Zum.<br \/>\n\u2013\u00a0<strong>Cuarta noche (15 de febrero):<\/strong>\u00a0Zum Zum, Linda Flor, Tradici\u00f3n y Carumb\u00e9.<\/p>\n<p>El lanzamiento del Carnaval 2026 reafirm\u00f3 el compromiso de Paso de los Libres con su identidad cultural y con una de las expresiones m\u00e1s importantes de su historia y su presente, dando inicio a la cuenta regresiva para una nueva edici\u00f3n de la fiesta que convoca a toda la ciudad.<\/p>\n<p><img loading=\"lazy\" decoding=\"async\" class=\"alignnone size-medium wp-image-4926\" src=\"https:\/\/elpueblonoticia.com.ar\/web\/wp-content\/uploads\/2025\/12\/IMG_2197-300x225.jpg\" alt=\"\" width=\"300\" height=\"225\" srcset=\"https:\/\/elpueblonoticia.com.ar\/web\/wp-content\/uploads\/2025\/12\/IMG_2197-300x225.jpg 300w, https:\/\/elpueblonoticia.com.ar\/web\/wp-content\/uploads\/2025\/12\/IMG_2197-1024x768.jpg 1024w, https:\/\/elpueblonoticia.com.ar\/web\/wp-content\/uploads\/2025\/12\/IMG_2197-768x576.jpg 768w, https:\/\/elpueblonoticia.com.ar\/web\/wp-content\/uploads\/2025\/12\/IMG_2197-1536x1152.jpg 1536w, https:\/\/elpueblonoticia.com.ar\/web\/wp-content\/uploads\/2025\/12\/IMG_2197-2048x1536.jpg 2048w, https:\/\/elpueblonoticia.com.ar\/web\/wp-content\/uploads\/2025\/12\/IMG_2197-560x420.jpg 560w, https:\/\/elpueblonoticia.com.ar\/web\/wp-content\/uploads\/2025\/12\/IMG_2197-80x60.jpg 80w, https:\/\/elpueblonoticia.com.ar\/web\/wp-content\/uploads\/2025\/12\/IMG_2197-696x522.jpg 696w, https:\/\/elpueblonoticia.com.ar\/web\/wp-content\/uploads\/2025\/12\/IMG_2197-1068x801.jpg 1068w, https:\/\/elpueblonoticia.com.ar\/web\/wp-content\/uploads\/2025\/12\/IMG_2197-265x198.jpg 265w\" sizes=\"auto, (max-width: 300px) 100vw, 300px\" \/><\/p>\n","protected":false},"excerpt":{"rendered":"<p>Carnavales 2026 Lunes 22 de Diciembre 2025 Este s\u00e1bado se llev\u00f3 a cabo el lanzamiento oficial del\u00a0Carnaval 2026 de Paso de los Libres\u00a0en el\u00a0Anfiteatro Carlos Gomes, en una noche cargada de emoci\u00f3n, identidad cultural y fuerte acompa\u00f1amiento del p\u00fablico, a pesar de las adversas condiciones clim\u00e1ticas. Durante el evento se realiz\u00f3 la\u00a0presentaci\u00f3n oficial de la [&hellip;]<\/p>\n","protected":false},"author":2,"featured_media":4926,"comment_status":"open","ping_status":"open","sticky":false,"template":"","format":"standard","meta":{"footnotes":""},"categories":[77],"tags":[],"class_list":{"0":"post-4925","1":"post","2":"type-post","3":"status-publish","4":"format-standard","5":"has-post-thumbnail","7":"category-paso-de-los-libres"},"_links":{"self":[{"href":"https:\/\/elpueblonoticia.com.ar\/web\/wp-json\/wp\/v2\/posts\/4925","targetHints":{"allow":["GET"]}}],"collection":[{"href":"https:\/\/elpueblonoticia.com.ar\/web\/wp-json\/wp\/v2\/posts"}],"about":[{"href":"https:\/\/elpueblonoticia.com.ar\/web\/wp-json\/wp\/v2\/types\/post"}],"author":[{"embeddable":true,"href":"https:\/\/elpueblonoticia.com.ar\/web\/wp-json\/wp\/v2\/users\/2"}],"replies":[{"embeddable":true,"href":"https:\/\/elpueblonoticia.com.ar\/web\/wp-json\/wp\/v2\/comments?post=4925"}],"version-history":[{"count":1,"href":"https:\/\/elpueblonoticia.com.ar\/web\/wp-json\/wp\/v2\/posts\/4925\/revisions"}],"predecessor-version":[{"id":4928,"href":"https:\/\/elpueblonoticia.com.ar\/web\/wp-json\/wp\/v2\/posts\/4925\/revisions\/4928"}],"wp:featuredmedia":[{"embeddable":true,"href":"https:\/\/elpueblonoticia.com.ar\/web\/wp-json\/wp\/v2\/media\/4926"}],"wp:attachment":[{"href":"https:\/\/elpueblonoticia.com.ar\/web\/wp-json\/wp\/v2\/media?parent=4925"}],"wp:term":[{"taxonomy":"category","embeddable":true,"href":"https:\/\/elpueblonoticia.com.ar\/web\/wp-json\/wp\/v2\/categories?post=4925"},{"taxonomy":"post_tag","embeddable":true,"href":"https:\/\/elpueblonoticia.com.ar\/web\/wp-json\/wp\/v2\/tags?post=4925"}],"curies":[{"name":"wp","href":"https:\/\/api.w.org\/{rel}","templated":true}]}}