{"id":4906,"date":"2025-12-21T09:44:14","date_gmt":"2025-12-21T12:44:14","guid":{"rendered":"https:\/\/elpueblonoticia.com.ar\/web\/?p=4906"},"modified":"2025-12-21T09:44:14","modified_gmt":"2025-12-21T12:44:14","slug":"estiman-que-el-parque-acuatico-tendra-muchas-actividades-este-verano","status":"publish","type":"post","link":"https:\/\/elpueblonoticia.com.ar\/web\/2025\/12\/21\/estiman-que-el-parque-acuatico-tendra-muchas-actividades-este-verano\/","title":{"rendered":"Estiman que el Parque Acu\u00e1tico tendr\u00e1 muchas actividades este verano"},"content":{"rendered":"<p>El secretario de Turismo de Goya Sebasti\u00e1n Candia dijo que se prev\u00e9 un verano repleto de actividades para los goyanos y visitantes, y destac\u00f3 la apertura del Parque Acu\u00e1tico y la programaci\u00f3n de eventos en la playa El Inga.<\/p>\n<div>El Parque Acu\u00e1tico est\u00e1 con temporada abierta y este es el tercer fin de semana ya en funcionamiento. Desde el 23 de diciembre &#8220;vamos a atender de martes a domingo en d\u00edas corridos&#8221;, inform\u00f3 el secretario de Turismo, con lo cual se agranda la grilla de d\u00edas para disfrutar de ese espacio; entendiendo adem\u00e1s que &#8220;arranca una alta demanda&#8221;, asegur\u00f3 Candia en una entrevista radial.<\/div>\n<div><\/div>\n<div><\/div>\n<div><\/div>\n<div>El secretario de Turismo invit\u00f3 a todos a disfrutar de las instalaciones, resaltando que &#8220;el Parque est\u00e1 en perfectas condiciones&#8221; y que &#8220;el precio es muy accesible&#8221;, convirti\u00e9ndolo en &#8220;una hermosa alternativa para compartir en familia&#8221;.<\/div>\n<div><\/div>\n<div><\/div>\n<div><\/div>\n<div><\/div>\n<div>El Parque Acu\u00e1tico permanecer\u00e1 abierto &#8220;de martes a domingo y feriados&#8221;, incluyendo los d\u00edas 24, 25, 30 y 31 de diciembre y 1 de enero, gracias al &#8220;esfuerzo enorme de todo el equipo del parque&#8221;.<\/div>\n<p>&nbsp;<\/p>\n<div><b>\u00a0<\/b><\/div>\n<div><b>PLAYA EL INGA<\/b><\/div>\n<p><img decoding=\"async\" id=\"202512202240519666\" class=\"validImg controledImg\" src=\"https:\/\/www.powernoticias.com\/images\/202512202240519666\" name=\"img-202512202240519666\" \/><\/p>\n<div>Adem\u00e1s, Candia destac\u00f3 la playa El Inga como &#8220;un lugar de encuentro donde la gente naturalmente concurre durante todo el d\u00eda&#8221; y anunci\u00f3 la programaci\u00f3n de actividades conjuntas con la Secretar\u00eda de Gobierno y las direcciones de Cultura, Deportes y Juventud.<\/div>\n<div><\/div>\n<div><\/div>\n<div><\/div>\n<div><\/div>\n<div>Tambi\u00e9n adelant\u00f3 que &#8220;el domingo 28 de diciembre se presentar\u00e1n los carnavales en la playa El Inga&#8221; y que para el verano habr\u00e1 un programa de actividades que incluir\u00e1 m\u00fasica y deporte, as\u00ed como un paseo gastron\u00f3mico en esa zona de la ciudad.<\/div>\n","protected":false},"excerpt":{"rendered":"<p>El secretario de Turismo de Goya Sebasti\u00e1n Candia dijo que se prev\u00e9 un verano repleto de actividades para los goyanos y visitantes, y destac\u00f3 la apertura del Parque Acu\u00e1tico y la programaci\u00f3n de eventos en la playa El Inga. El Parque Acu\u00e1tico est\u00e1 con temporada abierta y este es el tercer fin de semana ya [&hellip;]<\/p>\n","protected":false},"author":2,"featured_media":4907,"comment_status":"open","ping_status":"open","sticky":false,"template":"","format":"standard","meta":{"footnotes":""},"categories":[78],"tags":[],"class_list":{"0":"post-4906","1":"post","2":"type-post","3":"status-publish","4":"format-standard","5":"has-post-thumbnail","7":"category-generales"},"_links":{"self":[{"href":"https:\/\/elpueblonoticia.com.ar\/web\/wp-json\/wp\/v2\/posts\/4906","targetHints":{"allow":["GET"]}}],"collection":[{"href":"https:\/\/elpueblonoticia.com.ar\/web\/wp-json\/wp\/v2\/posts"}],"about":[{"href":"https:\/\/elpueblonoticia.com.ar\/web\/wp-json\/wp\/v2\/types\/post"}],"author":[{"embeddable":true,"href":"https:\/\/elpueblonoticia.com.ar\/web\/wp-json\/wp\/v2\/users\/2"}],"replies":[{"embeddable":true,"href":"https:\/\/elpueblonoticia.com.ar\/web\/wp-json\/wp\/v2\/comments?post=4906"}],"version-history":[{"count":1,"href":"https:\/\/elpueblonoticia.com.ar\/web\/wp-json\/wp\/v2\/posts\/4906\/revisions"}],"predecessor-version":[{"id":4908,"href":"https:\/\/elpueblonoticia.com.ar\/web\/wp-json\/wp\/v2\/posts\/4906\/revisions\/4908"}],"wp:featuredmedia":[{"embeddable":true,"href":"https:\/\/elpueblonoticia.com.ar\/web\/wp-json\/wp\/v2\/media\/4907"}],"wp:attachment":[{"href":"https:\/\/elpueblonoticia.com.ar\/web\/wp-json\/wp\/v2\/media?parent=4906"}],"wp:term":[{"taxonomy":"category","embeddable":true,"href":"https:\/\/elpueblonoticia.com.ar\/web\/wp-json\/wp\/v2\/categories?post=4906"},{"taxonomy":"post_tag","embeddable":true,"href":"https:\/\/elpueblonoticia.com.ar\/web\/wp-json\/wp\/v2\/tags?post=4906"}],"curies":[{"name":"wp","href":"https:\/\/api.w.org\/{rel}","templated":true}]}}