{"id":4903,"date":"2025-12-19T11:12:29","date_gmt":"2025-12-19T14:12:29","guid":{"rendered":"https:\/\/elpueblonoticia.com.ar\/web\/?p=4903"},"modified":"2025-12-19T11:12:29","modified_gmt":"2025-12-19T14:12:29","slug":"martes-comenzaria-a-pagarse-salarios-y-primera-cuota-de-bono-navideno","status":"publish","type":"post","link":"https:\/\/elpueblonoticia.com.ar\/web\/2025\/12\/19\/martes-comenzaria-a-pagarse-salarios-y-primera-cuota-de-bono-navideno\/","title":{"rendered":"Martes comenzar\u00eda a pagarse salarios y primera cuota de bono navide\u00f1o"},"content":{"rendered":"<p><strong>Provinciales<\/strong><\/p>\n<p>19 de Diciembre de 2025<\/p>\n<p><b>Estatales de Corrientes: martes que viene podr\u00eda empezar a pagarse salarios y primera cuota de bono navide\u00f1o<\/b><\/p>\n<div id=\"Inline\" class=\"banner-in-text\">\n<div id=\"sas_1766153143742rnd\">Seg\u00fan fuentes del organismo provincial donde se hacen las liquidaciones de toda la administraci\u00f3n p\u00fablica, SISPER, el cronograma de pago de haberes de diciembre iniciar\u00eda el martes que viene.<\/div>\n<div>As\u00ed, se pagar\u00eda el sueldo de este mes con la primera cuota de $100.000 perteneciente al bono navide\u00f1o, anunciado por el gobierno provincial este viernes 19\/12.<\/div>\n<div><\/div>\n<div>Dicho cronograma culminar\u00eda el 30 de diciembre venidero ya que el pago es por finalizaci\u00f3n de DNI.<\/div>\n<\/div>\n<p>&nbsp;<\/p>\n<p>&nbsp;<\/p>\n","protected":false},"excerpt":{"rendered":"<p>Provinciales 19 de Diciembre de 2025 Estatales de Corrientes: martes que viene podr\u00eda empezar a pagarse salarios y primera cuota de bono navide\u00f1o Seg\u00fan fuentes del organismo provincial donde se hacen las liquidaciones de toda la administraci\u00f3n p\u00fablica, SISPER, el cronograma de pago de haberes de diciembre iniciar\u00eda el martes que viene. As\u00ed, se pagar\u00eda [&hellip;]<\/p>\n","protected":false},"author":2,"featured_media":4904,"comment_status":"open","ping_status":"open","sticky":false,"template":"","format":"standard","meta":{"footnotes":""},"categories":[72],"tags":[],"class_list":{"0":"post-4903","1":"post","2":"type-post","3":"status-publish","4":"format-standard","5":"has-post-thumbnail","7":"category-provinciales"},"_links":{"self":[{"href":"https:\/\/elpueblonoticia.com.ar\/web\/wp-json\/wp\/v2\/posts\/4903","targetHints":{"allow":["GET"]}}],"collection":[{"href":"https:\/\/elpueblonoticia.com.ar\/web\/wp-json\/wp\/v2\/posts"}],"about":[{"href":"https:\/\/elpueblonoticia.com.ar\/web\/wp-json\/wp\/v2\/types\/post"}],"author":[{"embeddable":true,"href":"https:\/\/elpueblonoticia.com.ar\/web\/wp-json\/wp\/v2\/users\/2"}],"replies":[{"embeddable":true,"href":"https:\/\/elpueblonoticia.com.ar\/web\/wp-json\/wp\/v2\/comments?post=4903"}],"version-history":[{"count":1,"href":"https:\/\/elpueblonoticia.com.ar\/web\/wp-json\/wp\/v2\/posts\/4903\/revisions"}],"predecessor-version":[{"id":4905,"href":"https:\/\/elpueblonoticia.com.ar\/web\/wp-json\/wp\/v2\/posts\/4903\/revisions\/4905"}],"wp:featuredmedia":[{"embeddable":true,"href":"https:\/\/elpueblonoticia.com.ar\/web\/wp-json\/wp\/v2\/media\/4904"}],"wp:attachment":[{"href":"https:\/\/elpueblonoticia.com.ar\/web\/wp-json\/wp\/v2\/media?parent=4903"}],"wp:term":[{"taxonomy":"category","embeddable":true,"href":"https:\/\/elpueblonoticia.com.ar\/web\/wp-json\/wp\/v2\/categories?post=4903"},{"taxonomy":"post_tag","embeddable":true,"href":"https:\/\/elpueblonoticia.com.ar\/web\/wp-json\/wp\/v2\/tags?post=4903"}],"curies":[{"name":"wp","href":"https:\/\/api.w.org\/{rel}","templated":true}]}}