{"id":4900,"date":"2025-12-18T22:43:26","date_gmt":"2025-12-19T01:43:26","guid":{"rendered":"https:\/\/elpueblonoticia.com.ar\/web\/?p=4900"},"modified":"2025-12-18T22:43:26","modified_gmt":"2025-12-19T01:43:26","slug":"casacion-confirmo-las-condenas-contra-los-oficiales-que-ordenaron-un-ritual-de-iniciacion-que-termino-en-la-muerte-de-un-militar","status":"publish","type":"post","link":"https:\/\/elpueblonoticia.com.ar\/web\/2025\/12\/18\/casacion-confirmo-las-condenas-contra-los-oficiales-que-ordenaron-un-ritual-de-iniciacion-que-termino-en-la-muerte-de-un-militar\/","title":{"rendered":"Casaci\u00f3n confirm\u00f3 las condenas contra los oficiales que ordenaron un ritual de iniciaci\u00f3n que termin\u00f3 en la muerte de un militar"},"content":{"rendered":"<p><strong>JUdiciales<\/strong><\/p>\n<p>18 de Diciembre de 2025<\/p>\n<p>Por mayor\u00eda, la C\u00e1mara Federal de Casaci\u00f3n Penal ratific\u00f3 la responsabilidad de siete oficiales del Ej\u00e9rcito por la muerte del joven subteniente Mat\u00edas Chirino. Tambi\u00e9n descart\u00f3 el homicidio simple y confirm\u00f3 la calificaci\u00f3n de abandono de persona agravado en concurso con abuso de autoridad<\/p>\n<p>La\u00a0<b>C\u00e1mara Federal de Casaci\u00f3n Penal<\/b>\u00a0confirm\u00f3 las\u00a0<b>condenas<\/b>\u00a0dictadas por la muerte del subteniente\u00a0<a title=\"https:\/\/www.infobae.com\/sociedad\/policiales\/2024\/10\/08\/comienza-el-juicio-por-la-muerte-de-matias-chirino-el-soldado-que-fallecio-en-una-fiesta-de-bautismo-militar\/\" href=\"https:\/\/www.infobae.com\/sociedad\/policiales\/2024\/10\/08\/comienza-el-juicio-por-la-muerte-de-matias-chirino-el-soldado-que-fallecio-en-una-fiesta-de-bautismo-militar\/\" target=\"_blank\" rel=\"noopener noreferrer\" data-mrf-link=\"https:\/\/www.infobae.com\/sociedad\/policiales\/2024\/10\/08\/comienza-el-juicio-por-la-muerte-de-matias-chirino-el-soldado-que-fallecio-en-una-fiesta-de-bautismo-militar\/\"><b>Mat\u00edas Ezequiel Chirino<\/b><\/a>\u00a0y fij\u00f3\u00a0<b>penas de hasta siete a\u00f1os y seis meses de prisi\u00f3n<\/b>\u00a0para los\u00a0<b>oficiales del Ej\u00e9rcito argentino<\/b>\u00a0responsables de un\u00a0<a title=\"https:\/\/www.infobae.com\/tag\/matias-chirino\/\" href=\"https:\/\/www.infobae.com\/tag\/matias-chirino\/\" target=\"_blank\" rel=\"noopener noreferrer\" data-mrf-link=\"https:\/\/www.infobae.com\/tag\/matias-chirino\/\"><b>ritual de \u201cbienvenida\u201d<\/b><\/a>\u00a0que deriv\u00f3 en su fallecimiento. Por mayor\u00eda, el\u00a0<b>m\u00e1ximo tribunal penal del pa\u00eds<\/b>\u00a0ratific\u00f3 la calificaci\u00f3n de\u00a0<b>abandono de persona agravado<\/b>\u00a0en concurso con\u00a0<b>abuso de autoridad<\/b>, descart\u00f3 el encuadre de\u00a0<b>homicidio simple<\/b>\u00a0impulsado por la\u00a0<b>fiscal\u00eda<\/b>\u00a0y la\u00a0<b>querella<\/b>\u00a0y revis\u00f3 el monto de las\u00a0<a title=\"https:\/\/www.infobae.com\/sociedad\/policiales\/2024\/11\/21\/condenaron-a-8-anos-de-prision-a-seis-militares-por-la-muerte-del-soldado-matias-chirino\/\" href=\"https:\/\/www.infobae.com\/sociedad\/policiales\/2024\/11\/21\/condenaron-a-8-anos-de-prision-a-seis-militares-por-la-muerte-del-soldado-matias-chirino\/\" target=\"_blank\" rel=\"noopener noreferrer\" data-mrf-link=\"https:\/\/www.infobae.com\/sociedad\/policiales\/2024\/11\/21\/condenaron-a-8-anos-de-prision-a-seis-militares-por-la-muerte-del-soldado-matias-chirino\/\"><b>sanciones impuestas<\/b><\/a>.<\/p>\n<p class=\"paragraph\" data-mrf-recirculation=\"Links inline\">El fallo revis\u00f3 la decisi\u00f3n adoptada por el\u00a0<b>Tribunal Oral en lo Criminal Federal de Corrientes<\/b>, que hab\u00eda sido pronunciada en\u00a0<a title=\"https:\/\/www.infobae.com\/sociedad\/policiales\/2024\/11\/21\/condenaron-a-8-anos-de-prision-a-seis-militares-por-la-muerte-del-soldado-matias-chirino\/\" href=\"https:\/\/www.infobae.com\/sociedad\/policiales\/2024\/11\/21\/condenaron-a-8-anos-de-prision-a-seis-militares-por-la-muerte-del-soldado-matias-chirino\/\" target=\"_blank\" rel=\"noopener noreferrer\" data-mrf-link=\"https:\/\/www.infobae.com\/sociedad\/policiales\/2024\/11\/21\/condenaron-a-8-anos-de-prision-a-seis-militares-por-la-muerte-del-soldado-matias-chirino\/\"><b>noviembre de 2024<\/b><\/a>, y que conden\u00f3 a seis oficiales por los hechos ocurridos en la\u00a0<b>madrugada del 19 de junio de 2022<\/b>, en el\u00a0<b>Casino de Oficiales del Grupo de Artiller\u00eda de Monte 3<\/b>, en\u00a0<b>Paso de los Libres<\/b>.<\/p>\n<div class=\"inline ad-wrapper\">\n<div class=\"dfpAd ad-inline\"><\/div>\n<\/div>\n<p class=\"paragraph\" data-mrf-recirculation=\"Links inline\">Seg\u00fan qued\u00f3 acreditado en el\u00a0<b>juicio<\/b>, durante una cena organizada como\u00a0<b>\u201cbienvenida\u201d<\/b>\u00a0para\u00a0<b>subtenientes\u00a0<\/b>reci\u00e9n salidos del<b>\u00a0Colegio Militar<\/b>,\u00a0<b>oficiales superiores<\/b>\u00a0ordenaron el\u00a0<b>consumo excesivo de alcohol<\/b>, impartieron\u00a0<b>\u00f3rdenes humillantes<\/b>\u00a0y sometieron a los egresados a\u00a0<b>pr\u00e1cticas denigrantes<\/b>, aprovech\u00e1ndose de la\u00a0<b>relaci\u00f3n jer\u00e1rquica<\/b>\u00a0propia de la estructura castrense.<\/p>\n<p data-mrf-recirculation=\"Links inline\">En ese contexto,\u00a0<b>Chirino<\/b>, un joven de 22 a\u00f1os oriundo de C\u00f3rdoba, fue obligado junto a otros dos compa\u00f1eros a\u00a0<b>ingerir bebidas alcoh\u00f3licas\u00a0<\/b>en exceso y a sumergirse en una\u00a0<b>pileta con temperaturas bajo cero<\/b>. El joven bebi\u00f3 hasta quedar &#8220;<b>incapacitado para valerse por s\u00ed mismo<\/b>\u201c. Luego, cuando\u00a0<b>perdi\u00f3 el conocimiento<\/b>, fue dejado acostado sobre un\u00a0<b>colch\u00f3n en el piso<\/b>,\u00a0<b>sin abrigo ni calefacci\u00f3n<\/b>, pese a las\u00a0<b>bajas temperaturas<\/b>\u00a0de esa noche.<\/p>\n<p data-mrf-recirculation=\"Links inline\">Las\u00a0<b>autopsias<\/b>\u00a0concluyeron que la muerte se produjo por &#8220;<b>asfixia mec\u00e1nica por broncoaspiraci\u00f3n de contenido g\u00e1strico<\/b>\u201c, en un cuadro de \u201d<b>alcoholizaci\u00f3n severa<\/b>\u201c. Los magistrados del juicio dieron por probado que los\u00a0<b>imputados<\/b>, tras generar esa\u00a0<b>situaci\u00f3n de riesgo<\/b>\u00a0mediante\u00a0<b>\u00f3rdenes ileg\u00edtimas<\/b>,\u00a0<b>omitieron prestar asistencia<\/b>, pese a estar en condiciones de hacerlo.<\/p>\n<p class=\"paragraph\" data-mrf-recirculation=\"Links inline\">La apelaci\u00f3n qued\u00f3 en manos de la\u00a0<b>Sala II\u00a0<\/b>de la<b>\u00a0C\u00e1mara Federal de Casaci\u00f3n Penal<\/b>, integrada por los jueces\u00a0<b>Carlos Mahiques<\/b>,\u00a0<b>Mariano Borinsky<\/b>\u00a0y\u00a0<b>Juan Carlos Gemignani<\/b>. El fallo fue dictado por\u00a0<b>mayor\u00eda\u00a0<\/b>este jueves, con los votos coincidentes de\u00a0<b>Mahiques y Borinsky<\/b>, mientras que\u00a0<b>Gemignani<\/b>\u00a0vot\u00f3 en\u00a0<b>disidencia parcial<\/b>\u00a0en relaci\u00f3n con la\u00a0<b>calificaci\u00f3n legal de los hechos<\/b>.<\/p>\n<p class=\"paragraph\" data-mrf-recirculation=\"Links inline\">El juez\u00a0<b>Mahiques<\/b>, encargado de liderar el acuerdo, sostuvo que el\u00a0<b>tribunal oral<\/b>\u00a0valor\u00f3 \u201cadecuadamente\u201d la\u00a0<b>prueba<\/b>\u00a0producida durante el debate y descart\u00f3 los\u00a0<b>planteos defensivos<\/b>\u00a0por &#8220;<b>arbitrariedad<\/b>\u201c. Remarc\u00f3 que los\u00a0<b>testimonios<\/b>\u00a0de los subtenientes que sobrevivieron al episodio resultaron\u00a0<b>coherentes, persistentes y compatibles<\/b>\u00a0con el resto del\u00a0<b>material probatorio<\/b>, y subray\u00f3 que el an\u00e1lisis deb\u00eda contemplar el\u00a0<b>contexto jer\u00e1rquico y verticalista<\/b>\u00a0propio del\u00a0<b>\u00e1mbito militar<\/b>.<\/p>\n<p class=\"paragraph\" data-mrf-recirculation=\"Links inline\">El juez describi\u00f3 lo ocurrido como un\u00a0<b>\u201ccruel bautismo\u201d<\/b>\u00a0encubierto bajo la forma de un\u00a0<b>rito de iniciaci\u00f3n<\/b>\u00a0o\u00a0<b>\u201cbienvenida\u201d<\/b>, en el que los oficiales\u00a0<b>abusaron de su autoridad<\/b>\u00a0para imponer\u00a0<b>\u00f3rdenes<\/b>\u00a0<b>desmedidas<\/b>\u00a0que colocaron a Chirino en una &#8220;<b>situaci\u00f3n de incapacidad<\/b>\u201c. A partir de ese accionar previo, explic\u00f3, los imputados asumieron una\u00a0<b>posici\u00f3n de garante<\/b>\u00a0respecto de la\u00a0<b>vida y la salud<\/b>\u00a0de la v\u00edctima, deber que\u00a0<b>incumplieron<\/b>\u00a0al\u00a0<b>desentenderse de su estado<\/b>.<\/p>\n<p class=\"paragraph\" data-mrf-recirculation=\"Links inline\">El camarista descart\u00f3 que los hechos pudieran ser encuadrados como\u00a0<b>homicidio simple con dolo eventual<\/b>, ya que si bien los imputados se representaron un\u00a0<b>peligro para la vida o la salud<\/b>\u00a0de Chirino, ese riesgo no alcanz\u00f3 el grado necesario para tener por comprobada la\u00a0<b>aceptaci\u00f3n del desenlace fatal<\/b>. En ese sentido, sostuvo que\u00a0<b>la muerte se trat\u00f3 de \u201cun resultado no comprendido en el dolo de los imputados\u201d<\/b>, lo que exclu\u00eda la aplicaci\u00f3n del\u00a0<b>art\u00edculo 79 del C\u00f3digo Penal<\/b>.<\/p>\n<p class=\"paragraph\" data-mrf-recirculation=\"Links inline\"><b>Borinsky<\/b>\u00a0adhiri\u00f3 a ese razonamiento y consider\u00f3 que el tribunal de juicio dio fundamentos suficientes para sostener la calificaci\u00f3n de\u00a0<b>abandono de persona agravado<\/b>. Tambi\u00e9n acompa\u00f1\u00f3 la confirmaci\u00f3n de las\u00a0<b>absoluciones<\/b>\u00a0dictadas en favor de la\u00a0<b>subteniente Claudia Daniela Cayata<\/b>\u00a0y del\u00a0<b>teniente Franco Dami\u00e1n Grupico<\/b>, al entender que no se prob\u00f3 que hubieran participado de las conductas que llevaron al\u00a0<b>joven cordob\u00e9s<\/b>\u00a0a ese estado de incapacidad.<\/p>\n<p class=\"paragraph\" data-mrf-recirculation=\"Links inline\">El voto mayoritario s\u00ed hizo lugar parcialmente a los\u00a0<b>recursos de la fiscal\u00eda y la querella<\/b>\u00a0en relaci\u00f3n con\u00a0<b>Gerardo Sebasti\u00e1n Bautista<\/b>,\u00a0<b>subteniente y oficial de servicio<\/b>\u00a0la noche de los hechos. Los camaristas revocaron\u00a0<b>su absoluci\u00f3n<\/b>\u00a0y lo condenaron tras evaluar que hab\u00eda participado de manera activa en el\u00a0<b>ritual de iniciaci\u00f3n<\/b>, en tanto\u00a0<b>orden\u00f3 la ingesta de alcohol<\/b>\u00a0y, pese a advertir el\u00a0<b>estado cr\u00edtico de Chirino<\/b>, lo\u00a0<b>abandon\u00f3<\/b>\u00a0sin brindarle\u00a0<b>asistencia adecuada<\/b>.<\/p>\n<p class=\"paragraph\" data-mrf-recirculation=\"Links inline\">En cuanto a las\u00a0<b>penas<\/b>, la mayor\u00eda entendi\u00f3 que la sentencia condenatoria no hab\u00eda fundamentado de manera adecuada la\u00a0<b>individualizaci\u00f3n de las sanciones<\/b>\u00a0y anul\u00f3 parcialmente ese aspecto del fallo. As\u00ed, tras la celebraci\u00f3n de dos\u00a0<b>audiencias de conocimiento\u00a0<\/b>el 19 de noviembre y 3 de diciembre pasados,\u00a0<b>Casaci\u00f3n fij\u00f3 nuevas penas<\/b>, diferenciando el\u00a0<b>grado de responsabilidad<\/b>\u00a0y la\u00a0<b>jerarqu\u00eda<\/b>\u00a0de cada condenado.<\/p>\n<p class=\"paragraph\" data-mrf-recirculation=\"Links inline\">En efecto, el Tribunal Oral en lo Criminal Federal correntino hab\u00eda condenado a\u00a0<b>seis imputados<\/b>\u00a0a\u00a0<b>ocho a\u00f1os de prisi\u00f3n<\/b>\u00a0por la muerte del subteniente\u00a0<b>Mat\u00edas Ezequiel Chirino<\/b>: los\u00a0<b>capitanes Rub\u00e9n Dar\u00edo Ruiz, Claudio Andr\u00e9s Luna y Hugo Reclus Mart\u00ednez T\u00e1rraga<\/b>, el\u00a0<b>teniente Exequiel Emanuel Aguilar<\/b>, el\u00a0<b>teniente primero Dar\u00edo Emanuel Mart\u00ednez<\/b>\u00a0y el\u00a0<b>subteniente Facundo Luis Acosta<\/b>, todos hallados coautores de los delitos de abandono de persona agravado en concurso con abuso de autoridad. En ese mismo fallo, fueron\u00a0<b>absueltos<\/b>\u00a0el\u00a0<b>subteniente Gerardo Sebasti\u00e1n Bautista<\/b>, el\u00a0<b>teniente Franco Dami\u00e1n Grupico<\/b>\u00a0y la\u00a0<b>subteniente Claudia Daniela Cayata<\/b>.<\/p>\n<p class=\"paragraph\" data-mrf-recirculation=\"Links inline\">Al revisar la sentencia, la\u00a0<b>Casaci\u00f3n Federal<\/b>\u00a0confirm\u00f3 la responsabilidad penal,\u00a0<b>revoc\u00f3 la absoluci\u00f3n de Gerardo Sebasti\u00e1n Bautista<\/b>\u00a0y lo conden\u00f3 a\u00a0<b>seis a\u00f1os y seis meses de c\u00e1rcel<\/b>, con lo que el n\u00famero de militares condenados ascendi\u00f3 a\u00a0<b>siete<\/b>, y confirm\u00f3 las absoluciones de\u00a0<b>Franco Dami\u00e1n Grupico y Claudia Daniela Cayata<\/b>. Adem\u00e1s, redujo las penas fijadas en la anterior instancia y estableci\u00f3 sanciones diferenciadas: siete a\u00f1os y seis meses de prisi\u00f3n para\u00a0<b>Facundo Luis Acosta<\/b>\u00a0(subteniente) y\u00a0<b>Claudio Andr\u00e9s Luna<\/b>\u00a0(capit\u00e1n); siete a\u00f1os para los capitanes\u00a0<b>Rub\u00e9n Dar\u00edo Ruiz<\/b>\u00a0y\u00a0<b>Hugo Reclus Mart\u00ednez T\u00e1rraga<\/b>; y seis a\u00f1os y seis meses para\u00a0<b>Dar\u00edo Emanuel Mart\u00ednez<\/b>,\u00a0<b>Exequiel Emanuel Aguilar<\/b>\u00a0y\u00a0<b>Gerardo Sebasti\u00e1n Bautista<\/b>.<\/p>\n<p class=\"paragraph\" data-mrf-recirculation=\"Links inline\">En\u00a0<b>disidencia<\/b>, el juez\u00a0<b>Gemignani<\/b>\u00a0consider\u00f3 que los hechos deb\u00edan ser calificados como &#8220;<b>homicidio simple<\/b>\u00a0en concurso real con\u00a0<b>abuso de autoridad<\/b>\u201c. A su entender, la conducta de los imputados constituy\u00f3 una\u00a0<b>grave infracci\u00f3n\u00a0<\/b>dolosa a los\u00a0<b>deberes institucionales<\/b>\u00a0ligados a su condici\u00f3n de\u00a0<b>funcionarios p\u00fablicos<\/b>. Tambi\u00e9n consider\u00f3 que\u00a0<b>Cayata y Grupico<\/b>\u00a0debieron ser condenados.<\/p>\n<p class=\"paragraph\" data-mrf-recirculation=\"Links inline\">Esa postura\u00a0<b>no prosper\u00f3<\/b>. Con el\u00a0<b>voto mayoritario<\/b>,\u00a0<b>Casaci\u00f3n<\/b>\u00a0dej\u00f3\u00a0<b>firmes las condenas<\/b>\u00a0y cerr\u00f3 la\u00a0<b>revisi\u00f3n ordinaria<\/b>\u00a0de una causa que expuso, seg\u00fan explic\u00f3 el representante del Ministerio P\u00fablico Fiscal, una suerte rito inici\u00e1tico tendiente a recibir en su primera unidad a los reci\u00e9n egresados del\u00a0<b>Colegio Militar<\/b>.<\/p>\n<p class=\"paragraph\" data-mrf-recirculation=\"Links inline\">Este tipo de actividades, dijo el fiscal general de Corrientes\u00a0<b>Carlos Schaefer\u00a0<\/b>en su alegato, remiten a \u201cuna\u00a0<b>lamentable actividad centenaria<\/b>, especialmente desarrollada en el \u00e1mbito militar\u201c.<\/p>\n<p data-mrf-recirculation=\"Links inline\">\n<div class=\"second-saved-buttons\">\n<div class=\"body-share-note\"><\/div>\n<\/div>\n","protected":false},"excerpt":{"rendered":"<p>JUdiciales 18 de Diciembre de 2025 Por mayor\u00eda, la C\u00e1mara Federal de Casaci\u00f3n Penal ratific\u00f3 la responsabilidad de siete oficiales del Ej\u00e9rcito por la muerte del joven subteniente Mat\u00edas Chirino. Tambi\u00e9n descart\u00f3 el homicidio simple y confirm\u00f3 la calificaci\u00f3n de abandono de persona agravado en concurso con abuso de autoridad La\u00a0C\u00e1mara Federal de Casaci\u00f3n Penal\u00a0confirm\u00f3 [&hellip;]<\/p>\n","protected":false},"author":2,"featured_media":4901,"comment_status":"open","ping_status":"open","sticky":false,"template":"","format":"standard","meta":{"footnotes":""},"categories":[77],"tags":[],"class_list":{"0":"post-4900","1":"post","2":"type-post","3":"status-publish","4":"format-standard","5":"has-post-thumbnail","7":"category-paso-de-los-libres"},"_links":{"self":[{"href":"https:\/\/elpueblonoticia.com.ar\/web\/wp-json\/wp\/v2\/posts\/4900","targetHints":{"allow":["GET"]}}],"collection":[{"href":"https:\/\/elpueblonoticia.com.ar\/web\/wp-json\/wp\/v2\/posts"}],"about":[{"href":"https:\/\/elpueblonoticia.com.ar\/web\/wp-json\/wp\/v2\/types\/post"}],"author":[{"embeddable":true,"href":"https:\/\/elpueblonoticia.com.ar\/web\/wp-json\/wp\/v2\/users\/2"}],"replies":[{"embeddable":true,"href":"https:\/\/elpueblonoticia.com.ar\/web\/wp-json\/wp\/v2\/comments?post=4900"}],"version-history":[{"count":1,"href":"https:\/\/elpueblonoticia.com.ar\/web\/wp-json\/wp\/v2\/posts\/4900\/revisions"}],"predecessor-version":[{"id":4902,"href":"https:\/\/elpueblonoticia.com.ar\/web\/wp-json\/wp\/v2\/posts\/4900\/revisions\/4902"}],"wp:featuredmedia":[{"embeddable":true,"href":"https:\/\/elpueblonoticia.com.ar\/web\/wp-json\/wp\/v2\/media\/4901"}],"wp:attachment":[{"href":"https:\/\/elpueblonoticia.com.ar\/web\/wp-json\/wp\/v2\/media?parent=4900"}],"wp:term":[{"taxonomy":"category","embeddable":true,"href":"https:\/\/elpueblonoticia.com.ar\/web\/wp-json\/wp\/v2\/categories?post=4900"},{"taxonomy":"post_tag","embeddable":true,"href":"https:\/\/elpueblonoticia.com.ar\/web\/wp-json\/wp\/v2\/tags?post=4900"}],"curies":[{"name":"wp","href":"https:\/\/api.w.org\/{rel}","templated":true}]}}