{"id":4882,"date":"2025-12-18T18:31:52","date_gmt":"2025-12-18T21:31:52","guid":{"rendered":"https:\/\/elpueblonoticia.com.ar\/web\/?p=4882"},"modified":"2025-12-18T18:31:52","modified_gmt":"2025-12-18T21:31:52","slug":"actividad-cosecha-el-ipt-concluyo-con-el-pago-a-productores-tabacaleros","status":"publish","type":"post","link":"https:\/\/elpueblonoticia.com.ar\/web\/2025\/12\/18\/actividad-cosecha-el-ipt-concluyo-con-el-pago-a-productores-tabacaleros\/","title":{"rendered":"ACTIVIDAD COSECHA: EL IPT CONCLUY\u00d3 CON EL PAGO A PRODUCTORES TABACALEROS"},"content":{"rendered":"<p style=\"font-weight: 400;\"><img loading=\"lazy\" decoding=\"async\" class=\"alignnone size-medium wp-image-4884\" src=\"https:\/\/elpueblonoticia.com.ar\/web\/wp-content\/uploads\/2025\/12\/copy_D5AA91DD-D445-42CC-A8B6-C05BBE7990F6-300x300.png\" alt=\"\" width=\"300\" height=\"300\" srcset=\"https:\/\/elpueblonoticia.com.ar\/web\/wp-content\/uploads\/2025\/12\/copy_D5AA91DD-D445-42CC-A8B6-C05BBE7990F6-300x300.png 300w, https:\/\/elpueblonoticia.com.ar\/web\/wp-content\/uploads\/2025\/12\/copy_D5AA91DD-D445-42CC-A8B6-C05BBE7990F6-1024x1024.png 1024w, https:\/\/elpueblonoticia.com.ar\/web\/wp-content\/uploads\/2025\/12\/copy_D5AA91DD-D445-42CC-A8B6-C05BBE7990F6-150x150.png 150w, https:\/\/elpueblonoticia.com.ar\/web\/wp-content\/uploads\/2025\/12\/copy_D5AA91DD-D445-42CC-A8B6-C05BBE7990F6-768x768.png 768w, https:\/\/elpueblonoticia.com.ar\/web\/wp-content\/uploads\/2025\/12\/copy_D5AA91DD-D445-42CC-A8B6-C05BBE7990F6-420x420.png 420w, https:\/\/elpueblonoticia.com.ar\/web\/wp-content\/uploads\/2025\/12\/copy_D5AA91DD-D445-42CC-A8B6-C05BBE7990F6-696x696.png 696w, https:\/\/elpueblonoticia.com.ar\/web\/wp-content\/uploads\/2025\/12\/copy_D5AA91DD-D445-42CC-A8B6-C05BBE7990F6-1068x1068.png 1068w, https:\/\/elpueblonoticia.com.ar\/web\/wp-content\/uploads\/2025\/12\/copy_D5AA91DD-D445-42CC-A8B6-C05BBE7990F6.png 1080w\" sizes=\"auto, (max-width: 300px) 100vw, 300px\" \/><br \/>\nEl Interventor del Instituto Provincial del Tabaco, Ingeniero Alejandro Correa hizo saber que se finaliz\u00f3 con la acreditaci\u00f3n a los productores tabacaleros, lo correspondiente a Actividad Cosecha, en sus respectivas cajas de ahorros, de acuerdo a lo comprometido d\u00edas atr\u00e1s por el Ingeniero Correa.<\/p>\n<p style=\"font-weight: 400;\">En otro ordenes de cosas, el IPT inform\u00f3 que contin\u00faa la entrega de insumos a productores con absoluta normalidad. La tarea se realiza en los dep\u00f3sitos pertenecientes a la Cooperativa de Tabacaleros en avenida Benito Perell\u00f3.<\/p>\n","protected":false},"excerpt":{"rendered":"<p>El Interventor del Instituto Provincial del Tabaco, Ingeniero Alejandro Correa hizo saber que se finaliz\u00f3 con la acreditaci\u00f3n a los productores tabacaleros, lo correspondiente a Actividad Cosecha, en sus respectivas cajas de ahorros, de acuerdo a lo comprometido d\u00edas atr\u00e1s por el Ingeniero Correa. En otro ordenes de cosas, el IPT inform\u00f3 que contin\u00faa la [&hellip;]<\/p>\n","protected":false},"author":2,"featured_media":4883,"comment_status":"open","ping_status":"open","sticky":false,"template":"","format":"standard","meta":{"footnotes":""},"categories":[56],"tags":[],"class_list":{"0":"post-4882","1":"post","2":"type-post","3":"status-publish","4":"format-standard","5":"has-post-thumbnail","7":"category-locales"},"_links":{"self":[{"href":"https:\/\/elpueblonoticia.com.ar\/web\/wp-json\/wp\/v2\/posts\/4882","targetHints":{"allow":["GET"]}}],"collection":[{"href":"https:\/\/elpueblonoticia.com.ar\/web\/wp-json\/wp\/v2\/posts"}],"about":[{"href":"https:\/\/elpueblonoticia.com.ar\/web\/wp-json\/wp\/v2\/types\/post"}],"author":[{"embeddable":true,"href":"https:\/\/elpueblonoticia.com.ar\/web\/wp-json\/wp\/v2\/users\/2"}],"replies":[{"embeddable":true,"href":"https:\/\/elpueblonoticia.com.ar\/web\/wp-json\/wp\/v2\/comments?post=4882"}],"version-history":[{"count":1,"href":"https:\/\/elpueblonoticia.com.ar\/web\/wp-json\/wp\/v2\/posts\/4882\/revisions"}],"predecessor-version":[{"id":4885,"href":"https:\/\/elpueblonoticia.com.ar\/web\/wp-json\/wp\/v2\/posts\/4882\/revisions\/4885"}],"wp:featuredmedia":[{"embeddable":true,"href":"https:\/\/elpueblonoticia.com.ar\/web\/wp-json\/wp\/v2\/media\/4883"}],"wp:attachment":[{"href":"https:\/\/elpueblonoticia.com.ar\/web\/wp-json\/wp\/v2\/media?parent=4882"}],"wp:term":[{"taxonomy":"category","embeddable":true,"href":"https:\/\/elpueblonoticia.com.ar\/web\/wp-json\/wp\/v2\/categories?post=4882"},{"taxonomy":"post_tag","embeddable":true,"href":"https:\/\/elpueblonoticia.com.ar\/web\/wp-json\/wp\/v2\/tags?post=4882"}],"curies":[{"name":"wp","href":"https:\/\/api.w.org\/{rel}","templated":true}]}}