{"id":4878,"date":"2025-12-18T18:24:21","date_gmt":"2025-12-18T21:24:21","guid":{"rendered":"https:\/\/elpueblonoticia.com.ar\/web\/?p=4878"},"modified":"2025-12-18T18:24:21","modified_gmt":"2025-12-18T21:24:21","slug":"resolucion-no2120-disponiendo-asueto-administrativo-24-25-y-30-31-de-diciembre-de-2025","status":"publish","type":"post","link":"https:\/\/elpueblonoticia.com.ar\/web\/2025\/12\/18\/resolucion-no2120-disponiendo-asueto-administrativo-24-25-y-30-31-de-diciembre-de-2025\/","title":{"rendered":"RESOLUCI\u00d3N N\u00ba2120  DISPONIENDO ASUETO ADMINISTRATIVO 24\/25 Y 30\/31 DE DICIEMBRE DE 2025"},"content":{"rendered":"<p style=\"font-weight: 400;\">VISTO y CONSIDERANDO:<\/p>\n<p style=\"font-weight: 400;\">Que, el Sr. Intendente de este Municipio en virtud de reivindicar estas fechas festivas, considera oportuno decretar asueto administrativo los d\u00edas 24\/25 y 30\/31 de diciembre de 2025 para los agentes que se desenvuelven laboralmente en la Municipalidad de Goya, sin perjuicio de garantizar el normal funcionamiento de las distintas \u00e1reas y la prestaci\u00f3n de los servicios esenciales.<\/p>\n<p style=\"font-weight: 400;\">Que, la implementaci\u00f3n del Asueto Administrativo, contribuye a mejorar la eficacia y mejora continua del Personal Municipal.<\/p>\n<p style=\"font-weight: 400;\">Por ello;;;;;;;<\/p>\n<p style=\"font-weight: 400;\">EL INTENDENTE MUNICIPAL<\/p>\n<p style=\"font-weight: 400;\">RESUELVE:<\/p>\n<p style=\"font-weight: 400;\">\n<p style=\"font-weight: 400;\">ARTICULO 1\u00ba: DECRETAR asueto administrativo los d\u00edas 24\/25 y 30\/31 de diciembre de 2025 para los agentes que se desenvuelven laboralmente en la Municipalidad de Goya.<\/p>\n<p style=\"font-weight: 400;\">ARTICULO 2\u00ba: GARANTIZAR el normal funcionamiento de las distintas \u00e1reas y la prestaci\u00f3n de los servicios esenciales.<\/p>\n<p style=\"font-weight: 400;\">ART\u00cdCULO 3\u00ba: COMUN\u00cdQUESE, dese al RM, s\u00e1quese copia para quien corresponda y oportunamente ARCH\u00cdVESE.<\/p>\n<p>&nbsp;<\/p>\n","protected":false},"excerpt":{"rendered":"<p>VISTO y CONSIDERANDO: Que, el Sr. Intendente de este Municipio en virtud de reivindicar estas fechas festivas, considera oportuno decretar asueto administrativo los d\u00edas 24\/25 y 30\/31 de diciembre de 2025 para los agentes que se desenvuelven laboralmente en la Municipalidad de Goya, sin perjuicio de garantizar el normal funcionamiento de las distintas \u00e1reas y [&hellip;]<\/p>\n","protected":false},"author":2,"featured_media":4879,"comment_status":"open","ping_status":"open","sticky":false,"template":"","format":"standard","meta":{"footnotes":""},"categories":[56],"tags":[],"class_list":{"0":"post-4878","1":"post","2":"type-post","3":"status-publish","4":"format-standard","5":"has-post-thumbnail","7":"category-locales"},"_links":{"self":[{"href":"https:\/\/elpueblonoticia.com.ar\/web\/wp-json\/wp\/v2\/posts\/4878","targetHints":{"allow":["GET"]}}],"collection":[{"href":"https:\/\/elpueblonoticia.com.ar\/web\/wp-json\/wp\/v2\/posts"}],"about":[{"href":"https:\/\/elpueblonoticia.com.ar\/web\/wp-json\/wp\/v2\/types\/post"}],"author":[{"embeddable":true,"href":"https:\/\/elpueblonoticia.com.ar\/web\/wp-json\/wp\/v2\/users\/2"}],"replies":[{"embeddable":true,"href":"https:\/\/elpueblonoticia.com.ar\/web\/wp-json\/wp\/v2\/comments?post=4878"}],"version-history":[{"count":1,"href":"https:\/\/elpueblonoticia.com.ar\/web\/wp-json\/wp\/v2\/posts\/4878\/revisions"}],"predecessor-version":[{"id":4880,"href":"https:\/\/elpueblonoticia.com.ar\/web\/wp-json\/wp\/v2\/posts\/4878\/revisions\/4880"}],"wp:featuredmedia":[{"embeddable":true,"href":"https:\/\/elpueblonoticia.com.ar\/web\/wp-json\/wp\/v2\/media\/4879"}],"wp:attachment":[{"href":"https:\/\/elpueblonoticia.com.ar\/web\/wp-json\/wp\/v2\/media?parent=4878"}],"wp:term":[{"taxonomy":"category","embeddable":true,"href":"https:\/\/elpueblonoticia.com.ar\/web\/wp-json\/wp\/v2\/categories?post=4878"},{"taxonomy":"post_tag","embeddable":true,"href":"https:\/\/elpueblonoticia.com.ar\/web\/wp-json\/wp\/v2\/tags?post=4878"}],"curies":[{"name":"wp","href":"https:\/\/api.w.org\/{rel}","templated":true}]}}