{"id":4874,"date":"2025-12-18T18:22:22","date_gmt":"2025-12-18T21:22:22","guid":{"rendered":"https:\/\/elpueblonoticia.com.ar\/web\/?p=4874"},"modified":"2025-12-18T18:22:22","modified_gmt":"2025-12-18T21:22:22","slug":"resolucion-n-2119-otorgando-feria-administrativa-con-goce-de-haberes-al-personal-municipal","status":"publish","type":"post","link":"https:\/\/elpueblonoticia.com.ar\/web\/2025\/12\/18\/resolucion-n-2119-otorgando-feria-administrativa-con-goce-de-haberes-al-personal-municipal\/","title":{"rendered":"RESOLUCI\u00d3N N\u00b0: 2119  OTORGANDO FERIA ADMINISTRATIVA CON GOCE DE HABERES AL PERSONAL MUNICIPAL"},"content":{"rendered":"<p style=\"font-weight: 400;\">VISTO Y CONSIDERANDO:<\/p>\n<p style=\"font-weight: 400;\">\n<p style=\"font-weight: 400;\">Que, la implementaci\u00f3n de la Feria Administrativa, contribuye a mejorar la eficacia, eficiencia y mejora continua del Personal Municipal.<\/p>\n<p style=\"font-weight: 400;\">Que, en virtud de ello se considera conveniente la implementaci\u00f3n de la feria administrativa, adecuar los t\u00e9rminos de su duraci\u00f3n y garantizar la no interrupci\u00f3n de servicios p\u00fablicos.<\/p>\n<p style=\"font-weight: 400;\">Que, en base al Art. 98 inc. 13 de la Carta Org\u00e1nica Municipal se considera oportuno otorgar feria administrativa al personal municipal, concedida en dos turnos.<\/p>\n<p style=\"font-weight: 400;\">\n<p style=\"font-weight: 400;\">Por ello;;;;;;;;;;;<\/p>\n<p style=\"font-weight: 400;\">EL INTENDENTE MUNICIPAL<\/p>\n<p style=\"font-weight: 400;\">RESUELVE:<\/p>\n<p style=\"font-weight: 400;\">\n<p style=\"font-weight: 400;\">ART\u00cdCULO 1\u00b0: OTORGAR FERIA ADMINISTRATIVA CON GOCE DE HABERES PARA EL PERSONAL MUNICIPAL que ser\u00e1 concedido en 2 turnos, quedando de la siguiente manera:<\/p>\n<ul>\n<li style=\"font-weight: 400;\">Primer turno 50% del Personal Municipal desde el 22 al 26 de diciembre de 2025.<\/li>\n<li style=\"font-weight: 400;\">Segundo turno 50% del Personal Municipal desde el 29 de diciembre de 2025 a 02 de enero de 2026.<\/li>\n<\/ul>\n<p style=\"font-weight: 400;\">ART\u00cdCULO 2\u00b0: CADA jefe de \u00e1rea organizar\u00e1 el uso de la feria, de manera tal que no se resienta los servicios y atenci\u00f3n al p\u00fablico, bajo su responsabilidad.<\/p>\n<p style=\"font-weight: 400;\">ART\u00cdCULO 3\u00b0: COMUN\u00cdQUESE, publ\u00edquese, d\u00e9se al R.M., s\u00e1quese copia para quien corresponda y oportunamente ARCH\u00cdVESE<\/p>\n","protected":false},"excerpt":{"rendered":"<p>VISTO Y CONSIDERANDO: Que, la implementaci\u00f3n de la Feria Administrativa, contribuye a mejorar la eficacia, eficiencia y mejora continua del Personal Municipal. Que, en virtud de ello se considera conveniente la implementaci\u00f3n de la feria administrativa, adecuar los t\u00e9rminos de su duraci\u00f3n y garantizar la no interrupci\u00f3n de servicios p\u00fablicos. Que, en base al Art. [&hellip;]<\/p>\n","protected":false},"author":2,"featured_media":4875,"comment_status":"open","ping_status":"open","sticky":false,"template":"","format":"standard","meta":{"footnotes":""},"categories":[56],"tags":[],"class_list":{"0":"post-4874","1":"post","2":"type-post","3":"status-publish","4":"format-standard","5":"has-post-thumbnail","7":"category-locales"},"_links":{"self":[{"href":"https:\/\/elpueblonoticia.com.ar\/web\/wp-json\/wp\/v2\/posts\/4874","targetHints":{"allow":["GET"]}}],"collection":[{"href":"https:\/\/elpueblonoticia.com.ar\/web\/wp-json\/wp\/v2\/posts"}],"about":[{"href":"https:\/\/elpueblonoticia.com.ar\/web\/wp-json\/wp\/v2\/types\/post"}],"author":[{"embeddable":true,"href":"https:\/\/elpueblonoticia.com.ar\/web\/wp-json\/wp\/v2\/users\/2"}],"replies":[{"embeddable":true,"href":"https:\/\/elpueblonoticia.com.ar\/web\/wp-json\/wp\/v2\/comments?post=4874"}],"version-history":[{"count":1,"href":"https:\/\/elpueblonoticia.com.ar\/web\/wp-json\/wp\/v2\/posts\/4874\/revisions"}],"predecessor-version":[{"id":4876,"href":"https:\/\/elpueblonoticia.com.ar\/web\/wp-json\/wp\/v2\/posts\/4874\/revisions\/4876"}],"wp:featuredmedia":[{"embeddable":true,"href":"https:\/\/elpueblonoticia.com.ar\/web\/wp-json\/wp\/v2\/media\/4875"}],"wp:attachment":[{"href":"https:\/\/elpueblonoticia.com.ar\/web\/wp-json\/wp\/v2\/media?parent=4874"}],"wp:term":[{"taxonomy":"category","embeddable":true,"href":"https:\/\/elpueblonoticia.com.ar\/web\/wp-json\/wp\/v2\/categories?post=4874"},{"taxonomy":"post_tag","embeddable":true,"href":"https:\/\/elpueblonoticia.com.ar\/web\/wp-json\/wp\/v2\/tags?post=4874"}],"curies":[{"name":"wp","href":"https:\/\/api.w.org\/{rel}","templated":true}]}}