{"id":4867,"date":"2025-12-18T14:36:19","date_gmt":"2025-12-18T17:36:19","guid":{"rendered":"https:\/\/elpueblonoticia.com.ar\/web\/?p=4867"},"modified":"2025-12-18T14:36:19","modified_gmt":"2025-12-18T17:36:19","slug":"quienes-son-los-diputados-que-votaron-a-favor-de-recortar-auh-y-suaf-en-el-presupuesto-2026","status":"publish","type":"post","link":"https:\/\/elpueblonoticia.com.ar\/web\/2025\/12\/18\/quienes-son-los-diputados-que-votaron-a-favor-de-recortar-auh-y-suaf-en-el-presupuesto-2026\/","title":{"rendered":"Qui\u00e9nes son los diputados que votaron a favor de recortar AUH y SUAF en el Presupuesto 2026"},"content":{"rendered":"<p><span style=\"color: #000000;\"><strong><a style=\"color: #000000;\" href=\"https:\/\/www.eldestapeweb.com\/tag\/presupuesto-2026\">Presupuesto 2026<\/a><\/strong><\/span><\/p>\n<p>18 de Ficiembre de 2025<\/p>\n<h2 class=\"intro\" data-mrf-recirculation=\"Nota: bajada\">Aunque este art\u00edculo no logr\u00f3 la aprobaci\u00f3n, hubo 117 diputados de La Libertad Avanza y el PRO que quisieron derogar la actualizaci\u00f3n de la AUH por inflaci\u00f3n.<\/h2>\n<p>El Gobierno logr\u00f3 darle media sanci\u00f3n al\u00a0<a class=\"link\" href=\"https:\/\/www.eldestapeweb.com\/politica\/javier-milei-presidente\/la-oposicion-consiguio-mantener-la-emergencia-en-discapacidad-y-el-financiamiento-universitario-202512187347\"><strong>Presupuesto 2026<\/strong><\/a>, pero no logr\u00f3 avanzar con uno de los principales ajustes que pretend\u00eda, ya que perdi\u00f3 la votaci\u00f3n por el art\u00edculo que\u00a0<strong>eliminaba el ajuste autom\u00e1tico de la Asignaci\u00f3n Universal por Hijo (AUH), la Asignaci\u00f3n Universal por Embarazo (AUE) y las Asignaciones Familiares\u00a0por inflaci\u00f3n<\/strong>. Sin embargo,\u00a0<strong>hubo m\u00e1s de 100 diputados que buscaron aprobar este punto<\/strong>, tanto de\u00a0<strong>La Libertad Avanza\u00a0<\/strong>como del\u00a0<strong>PRO<\/strong>, adem\u00e1s de algunos radicales.<\/p>\n<p>En una sesi\u00f3n marat\u00f3nica en la\u00a0<strong>C\u00e1mara de Diputados<\/strong>, el oficialismo logr\u00f3 darle\u00a0<strong>media sanci\u00f3n al\u00a0proyecto de ley de Presupuesto 2026<\/strong>.\u00a0La iniciativa se aprob\u00f3 en general con 132 votos afirmativos, 97 negativos y 17 abstenciones.<\/p>\n<p>Sin embargo,<strong>\u00a0el Gobierno sufri\u00f3 un rev\u00e9s al no poder sostener el cap\u00edtulo 11<\/strong>. Por un lado, este inclu\u00eda el art\u00edculo 75, que\u00a0<strong>buscaba derogar las leyes de emergencia en Discapacidad y Financiamiento Universitario.<\/strong><\/p>\n<p>Adem\u00e1s,\u00a0<strong>este mismo cap\u00edtulo inlcu\u00eda el art\u00edculo 70<\/strong>, que justamente establec\u00eda\u00a0la\u00a0<strong>eliminaci\u00f3n de la automaticidad en la actualizaci\u00f3n de la Asignaci\u00f3n\u00a0Universal por Hijo (AUH), la Asignaci\u00f3n\u00a0por Embarazo (AUE) y las Asignaciones Familiares de ANSES.<\/strong><\/p>\n<p>Actualmente,\u00a0<strong>estos tres \u00edtems previsionales se actualizan mes a mes por la inflaci\u00f3n que da a conocer el Indec en el IPC<\/strong>, igual que las jubilaciones. Dado que se cay\u00f3 la aprobaci\u00f3n del art\u00edculo 70,\u00a0<strong>esto no cambiar\u00e1 pese a la media sanci\u00f3n al resto del proyecto.<\/strong><\/p>\n<h2 class=\"h2\">Uno por uno, qui\u00e9nes son los diputados que votaron a favor de eliminar la actualizaci\u00f3n autom\u00e1tica de la AUH<\/h2>\n<p>Los 117 diputados y diputadas que votaron a favor del cap\u00edtulo 11 de la Ley de Presupuesto 2026, que contiene el art\u00edculo 70 por el cual se buscaba eliminar la actualizaci\u00f3n autom\u00e1tica de la AUH, la AUE y las Asignaciones Familiares, son los siguientes:<\/p>\n<ul>\n<li><strong>AGUERO, GUILLERMO CESAR<\/strong>\u00a0\u2014 UCR \u2014 Chaco<\/li>\n<li><strong>AJMECHET, SABRINA<\/strong>\u00a0\u2014 La Libertad Avanza \u2014 C.A.B.A.<\/li>\n<li><strong>ALMENA, CARLOS ALBERTO<\/strong>\u00a0\u2014 La Libertad Avanza \u2014 San Luis<\/li>\n<li><strong>ALMIRON, LISANDRO<\/strong>\u00a0\u2014 La Libertad Avanza \u2014 Corrientes<\/li>\n<li><strong>ANDREUSSI, BARBARA<\/strong>\u00a0\u2014 La Libertad Avanza \u2014 Jujuy<\/li>\n<li><strong>ANSALONI, PABLO<\/strong>\u00a0\u2014 La Libertad Avanza \u2014 Buenos Aires<\/li>\n<li><strong>ARABIA, DAMIAN<\/strong>\u00a0\u2014 La Libertad Avanza \u2014 C.A.B.A.<\/li>\n<li><strong>ARDOHAIN, MARTIN<\/strong>\u00a0\u2014 PRO \u2014 La Pampa<\/li>\n<li><strong>ARRUA, ALBERTO<\/strong>\u00a0\u2014 Innovaci\u00f3n Federal \u2014 Misiones<\/li>\n<li><strong>AVICO, BELEN<\/strong>\u00a0\u2014 La Libertad Avanza \u2014 C\u00f3rdoba<\/li>\n<li><strong>BASUALDO, ATILIO<\/strong>\u00a0\u2014 La Libertad Avanza \u2014 Formosa<\/li>\n<li><strong>BECERRA, MONICA<\/strong>\u00a0\u2014 La Libertad Avanza \u2014 San Luis<\/li>\n<li><strong>BENEDIT, BELTRAN<\/strong>\u00a0\u2014 La Libertad Avanza \u2014 Entre R\u00edos<\/li>\n<li><strong>BENEGAS LYNCH, BERTIE<\/strong>\u00a0\u2014 La Libertad Avanza \u2014 Buenos Aires<\/li>\n<li><strong>BIANCHETTI, EMMANUEL<\/strong>\u00a0\u2014 PRO \u2014 Misiones<\/li>\n<li><strong>BONACCI, ROCIO<\/strong>\u00a0\u2014 La Libertad Avanza \u2014 Santa Fe<\/li>\n<li><strong>BONGIOVANNI, ALEJANDRO<\/strong>\u00a0\u2014 La Libertad Avanza \u2014 Santa Fe<\/li>\n<li><strong>BORNORONI, GABRIEL<\/strong>\u00a0\u2014 La Libertad Avanza \u2014 C\u00f3rdoba<\/li>\n<li><strong>BRIZUELA, ADRIAN<\/strong>\u00a0\u2014 La Libertad Avanza \u2014 Catamarca<\/li>\n<li><strong>BRUNO, ELIANA<\/strong>\u00a0\u2014 La Libertad Avanza \u2014 Salta<\/li>\n<li><strong>CAMPERO, MARIANO<\/strong>\u00a0\u2014 La Libertad Avanza \u2014 Tucum\u00e1n<\/li>\n<li><strong>CARRANCIO, ALEJANDRO<\/strong>\u00a0\u2014 La Libertad Avanza \u2014 Buenos Aires<\/li>\n<li><strong>CASTELNUOVO, GISELLE<\/strong>\u00a0\u2014 La Libertad Avanza \u2014 Buenos Aires<\/li>\n<li><strong>CHICONI, ABEL<\/strong>\u00a0\u2014 La Libertad Avanza \u2014 San Juan<\/li>\n<li><strong>CORREA LLANO, FACUNDO<\/strong>\u00a0\u2014 La Libertad Avanza \u2014 Mendoza<\/li>\n<li><strong>DE ANDREIS, FERNANDO<\/strong>\u00a0\u2014 PRO \u2014 C.A.B.A.<\/li>\n<li><strong>DE SENSI, MARIA FLORENCIA<\/strong>\u00a0\u2014 PRO \u2014 Buenos Aires<\/li>\n<li><strong>DIEZ, ROMINA<\/strong>\u00a0\u2014 La Libertad Avanza \u2014 Santa Fe<\/li>\n<li><strong>EMMA, NICOLAS<\/strong>\u00a0\u2014 La Libertad Avanza \u2014 C.A.B.A.<\/li>\n<li><strong>FARGOSI, ALEJANDRO<\/strong>\u00a0\u2014 La Libertad Avanza \u2014 C.A.B.A.<\/li>\n<li><strong>FERNANDEZ MOLERO, DAIANA<\/strong>\u00a0\u2014 PRO \u2014 C.A.B.A.<\/li>\n<li><strong>FERREYRA, ALIDA<\/strong>\u00a0\u2014 La Libertad Avanza \u2014 C.A.B.A.<\/li>\n<li><strong>FIGLIUOLO, SERGIO<\/strong>\u00a0\u2014 La Libertad Avanza \u2014 Buenos Aires<\/li>\n<li><strong>FINOCCHIARO, ALEJANDRO<\/strong>\u00a0\u2014 PRO \u2014 Buenos Aires<\/li>\n<li><strong>FLORES, MARIA GABRIELA<\/strong>\u00a0\u2014 La Libertad Avanza \u2014 Salta<\/li>\n<li><strong>FREGONESE, ALICIA<\/strong>\u00a0\u2014 PRO \u2014 Entre R\u00edos<\/li>\n<li><strong>FRIAS, MAIRA<\/strong>\u00a0\u2014 La Libertad Avanza \u2014 Chubut<\/li>\n<li><strong>GALLARDO, MARIA VIRGINIA<\/strong>\u00a0\u2014 La Libertad Avanza \u2014 Corrientes<\/li>\n<li><strong>GARCIA, ALVARO<\/strong>\u00a0\u2014 La Libertad Avanza \u2014 Buenos Aires<\/li>\n<li><strong>GARCIA, CARLOS<\/strong>\u00a0\u2014 La Libertad Avanza \u2014 Chaco<\/li>\n<li><strong>GARRIDO, JOSE LUIS<\/strong>\u00a0\u2014 Por Santa Cruz \u2014 Santa Cruz<\/li>\n<li><strong>GIAMPIERI, ANTONELA<\/strong>\u00a0\u2014 PRO \u2014 C.A.B.A.<\/li>\n<li><strong>GIUDICI, SILVANA<\/strong>\u00a0\u2014 La Libertad Avanza \u2014 C.A.B.A.<\/li>\n<li><strong>GOITIA, ROSARIO<\/strong>\u00a0\u2014 La Libertad Avanza \u2014 Chaco<\/li>\n<li><strong>GONZALES, ALFREDO<\/strong>\u00a0\u2014 La Libertad Avanza \u2014 Jujuy<\/li>\n<li><strong>GONZALEZ ESTEVARENA, MARIA LUISA<\/strong>\u00a0\u2014 La Libertad Avanza \u2014 Buenos Aires<\/li>\n<li><strong>GRUBER, MAURA<\/strong>\u00a0\u2014 La Libertad Avanza \u2014 Misiones<\/li>\n<li><strong>GUZMAN, JAIRO<\/strong>\u00a0\u2014 La Libertad Avanza \u2014 Santa Cruz<\/li>\n<li><strong>HARTFIELD, DIEGO<\/strong>\u00a0\u2014 La Libertad Avanza \u2014 Misiones<\/li>\n<li><strong>HERRERA, OSCAR<\/strong>\u00a0\u2014 Innovaci\u00f3n Federal \u2014 Misiones<\/li>\n<li><strong>HOLZMAN, PATRICIA<\/strong>\u00a0\u2014 La Libertad Avanza \u2014 C.A.B.A.<\/li>\n<li><strong>HUESEN, GERARDO<\/strong>\u00a0\u2014 La Libertad Avanza \u2014 Tucum\u00e1n<\/li>\n<li><strong>HUMENUK, GLADYS<\/strong>\u00a0\u2014 La Libertad Avanza \u2014 Buenos Aires<\/li>\n<li><strong>IBA\u00d1EZ, MARIA CECILIA<\/strong>\u00a0\u2014 La Libertad Avanza \u2014 C\u00f3rdoba<\/li>\n<li><strong>JAIME QUIROGA, CARLOS GUSTAVO<\/strong>\u00a0\u2014 Producci\u00f3n y Trabajo \u2014 San Juan<\/li>\n<li><strong>LAUMANN, ANDRES ARIEL<\/strong>\u00a0\u2014 La Libertad Avanza \u2014 Entre R\u00edos<\/li>\n<li><strong>LEMOINE, LILIA<\/strong>\u00a0\u2014 La Libertad Avanza \u2014 Buenos Aires<\/li>\n<li><strong>LEONE, ANDRES<\/strong>\u00a0\u2014 La Libertad Avanza \u2014 C.A.B.A.<\/li>\n<li><strong>LLANO, MERCEDES<\/strong>\u00a0\u2014 La Libertad Avanza \u2014 Mendoza<\/li>\n<li><strong>LLUCH, ENRIQUE<\/strong>\u00a0\u2014 La Libertad Avanza \u2014 C\u00f3rdoba<\/li>\n<li><strong>LONGO, JOHANNA SABRINA<\/strong>\u00a0\u2014 La Libertad Avanza \u2014 Buenos Aires<\/li>\n<li><strong>MACYSZYN, LORENA<\/strong>\u00a0\u2014 La Libertad Avanza \u2014 Buenos Aires<\/li>\n<li><strong>MARTINEZ, ALVARO<\/strong>\u00a0\u2014 La Libertad Avanza \u2014 Mendoza<\/li>\n<li><strong>MAYORAZ, NICOLAS<\/strong>\u00a0\u2014 La Libertad Avanza \u2014 Santa Fe<\/li>\n<li><strong>METRAL ASENSIO, JULIETA<\/strong>\u00a0\u2014 La Libertad Avanza \u2014 Mendoza<\/li>\n<li><strong>MOLINUEVO, SOLEDAD<\/strong>\u00a0\u2014 La Libertad Avanza \u2014 Tucum\u00e1n<\/li>\n<li><strong>MONDACA, SOLEDAD<\/strong>\u00a0\u2014 La Libertad Avanza \u2014 Neuqu\u00e9n<\/li>\n<li><strong>MONTENEGRO, GUILLERMO<\/strong>\u00a0\u2014 La Libertad Avanza \u2014 Buenos Aires<\/li>\n<li><strong>MONTENEGRO, JUAN PABLO<\/strong>\u00a0\u2014 La Libertad Avanza \u2014 Santa Fe<\/li>\n<li><strong>MORCHIO, FRANCISCO<\/strong>\u00a0\u2014 La Libertad Avanza \u2014 Entre R\u00edos<\/li>\n<li><strong>MORENO OVALLE, JULIO<\/strong>\u00a0\u2014 La Libertad Avanza \u2014 Salta<\/li>\n<li><strong>MU\u00d1OZ, GABRIELA LUCIANA<\/strong>\u00a0\u2014 La Libertad Avanza \u2014 Neuqu\u00e9n<\/li>\n<li><strong>NIERI, LISANDRO<\/strong>\u00a0\u2014 UCR \u2013 Uni\u00f3n C\u00edvica Radical \u2014 Mendoza<\/li>\n<li><strong>NIVEYRO, MIRIAM<\/strong>\u00a0\u2014 La Libertad Avanza \u2014 Buenos Aires<\/li>\n<li><strong>OJEDA, JOAQUIN<\/strong>\u00a0\u2014 La Libertad Avanza \u2014 Buenos Aires<\/li>\n<li><strong>OUTES, PABLO<\/strong>\u00a0\u2014 Innovaci\u00f3n Federal \u2014 Salta<\/li>\n<li><strong>PAREJA, SEBASTIAN<\/strong>\u00a0\u2014 La Libertad Avanza \u2014 Buenos Aires<\/li>\n<li><strong>PATI\u00d1O BRIZUELA, MARCOS<\/strong>\u00a0\u2014 La Libertad Avanza \u2014 C\u00f3rdoba<\/li>\n<li><strong>PAULI, SANTIAGO<\/strong>\u00a0\u2014 La Libertad Avanza \u2014 Tierra del Fuego<\/li>\n<li><strong>PELLEGRINI, AGUSTIN<\/strong>\u00a0\u2014 La Libertad Avanza \u2014 Santa Fe<\/li>\n<li><strong>PELLI, FEDERICO AGUSTIN<\/strong>\u00a0\u2014 La Libertad Avanza \u2014 Tucum\u00e1n<\/li>\n<li><strong>PELUC, JOSE<\/strong>\u00a0\u2014 La Libertad Avanza \u2014 San Juan<\/li>\n<li><strong>PETRI, LUIS<\/strong>\u00a0\u2014 La Libertad Avanza \u2014 Mendoza<\/li>\n<li><strong>PETROVICH, MARIA LORENA<\/strong>\u00a0\u2014 La Libertad Avanza \u2014 Buenos Aires<\/li>\n<li><strong>PICAT, LUIS ALBINO<\/strong>\u00a0\u2014 La Libertad Avanza \u2014 C\u00f3rdoba<\/li>\n<li><strong>PICON MARTINEZ, NANCY VIVIANA<\/strong>\u00a0\u2014 Producci\u00f3n y Trabajo \u2014 San Juan<\/li>\n<li><strong>PONCE, MARIA CELESTE<\/strong>\u00a0\u2014 La Libertad Avanza \u2014 C\u00f3rdoba<\/li>\n<li><strong>QUINTAR, MANUEL<\/strong>\u00a0\u2014 La Libertad Avanza \u2014 Jujuy<\/li>\n<li><strong>RAVERA, VALENTINA<\/strong>\u00a0\u2014 La Libertad Avanza \u2014 Santa Fe<\/li>\n<li><strong>RAVIER, ADRIAN<\/strong>\u00a0\u2014 La Libertad Avanza \u2014 La Pampa<\/li>\n<li><strong>RAZZINI, VERONICA<\/strong>\u00a0\u2014 La Libertad Avanza \u2014 Santa Fe<\/li>\n<li><strong>REICHARDT, KAREN<\/strong>\u00a0\u2014 La Libertad Avanza \u2014 Buenos Aires<\/li>\n<li><strong>RIESCO, GASTON<\/strong>\u00a0\u2014 La Libertad Avanza \u2014 Neuqu\u00e9n<\/li>\n<li><strong>RITONDO, CRISTIAN A.<\/strong>\u00a0\u2014 PRO \u2014 Buenos Aires<\/li>\n<li><strong>ROCA, GONZALO<\/strong>\u00a0\u2014 La Libertad Avanza \u2014 C\u00f3rdoba<\/li>\n<li><strong>RODRIGUEZ MACHADO, LAURA ELENA<\/strong>\u00a0\u2014 La Libertad Avanza \u2014 C\u00f3rdoba<\/li>\n<li><strong>RODRIGUEZ, MIGUEL<\/strong>\u00a0\u2014 La Libertad Avanza \u2014 Tierra del Fuego<\/li>\n<li><strong>RUIZ, YAMILA<\/strong>\u00a0\u2014 Innovaci\u00f3n Federal \u2014 Misiones<\/li>\n<li><strong>SANCHEZ WRBA, JAVIER<\/strong>\u00a0\u2014 PRO \u2014 Buenos Aires<\/li>\n<li><strong>SANTILLAN JUAREZ BRAHIM, JULIANA<\/strong>\u00a0\u2014 La Libertad Avanza \u2014 Buenos Aires<\/li>\n<li><strong>SANTURIO, SANTIAGO<\/strong>\u00a0\u2014 La Libertad Avanza \u2014 Buenos Aires<\/li>\n<li><strong>SOLDANO, LAURA<\/strong>\u00a0\u2014 La Libertad Avanza \u2014 C\u00f3rdoba<\/li>\n<li><strong>TOMASSONI, YAMILE<\/strong>\u00a0\u2014 La Libertad Avanza \u2014 Santa Fe<\/li>\n<li><strong>TORRES, RUBEN DARIO<\/strong>\u00a0\u2014 La Libertad Avanza \u2014 Buenos Aires<\/li>\n<li><strong>TORTORIELLO, ANIBAL<\/strong>\u00a0\u2014 La Libertad Avanza \u2014 R\u00edo Negro<\/li>\n<li><strong>TOURNIER, JOSE FEDERICO<\/strong>\u00a0\u2014 La Libertad Avanza \u2014 Corrientes<\/li>\n<li><strong>TREFFINGER, CESAR<\/strong>\u00a0\u2014 La Libertad Avanza \u2014 Chubut<\/li>\n<li><strong>URIEN, HERNAN<\/strong>\u00a0\u2014 La Libertad Avanza \u2014 Buenos Aires<\/li>\n<li><strong>VANCSIK, DANIEL<\/strong>\u00a0\u2014 Innovaci\u00f3n Federal \u2014 Misiones<\/li>\n<li><strong>VASQUEZ, PATRICIA<\/strong>\u00a0\u2014 La Libertad Avanza \u2014 Buenos Aires<\/li>\n<li><strong>VEGA, YOLANDA<\/strong>\u00a0\u2014 Innovaci\u00f3n Federal \u2014 Salta<\/li>\n<li><strong>VERA, ANDREA FERNANDA<\/strong>\u00a0\u2014 La Libertad Avanza \u2014 Buenos Aires<\/li>\n<li><strong>VERASAY, PAMELA FERNANDA<\/strong>\u00a0\u2014 UCR \u2013 Uni\u00f3n C\u00edvica Radical \u2014 Mendoza<\/li>\n<li><strong>VILLAVERDE, LORENA<\/strong>\u00a0\u2014 La Libertad Avanza \u2014 R\u00edo Negro<\/li>\n<li><strong>VISCONTI, GINO<\/strong>\u00a0\u2014 La Libertad Avanza \u2014 La Rioja<\/li>\n<li><strong>YEZA, MARTIN<\/strong>\u00a0\u2014 PRO \u2014 Buenos Aires<\/li>\n<li><strong>ZAPATA, CARLOS RAUL<\/strong>\u00a0\u2014 La Libertad Avanza \u2014 Salta<\/li>\n<\/ul>\n","protected":false},"excerpt":{"rendered":"<p>Presupuesto 2026 18 de Ficiembre de 2025 Aunque este art\u00edculo no logr\u00f3 la aprobaci\u00f3n, hubo 117 diputados de La Libertad Avanza y el PRO que quisieron derogar la actualizaci\u00f3n de la AUH por inflaci\u00f3n. El Gobierno logr\u00f3 darle media sanci\u00f3n al\u00a0Presupuesto 2026, pero no logr\u00f3 avanzar con uno de los principales ajustes que pretend\u00eda, ya [&hellip;]<\/p>\n","protected":false},"author":2,"featured_media":4868,"comment_status":"open","ping_status":"open","sticky":false,"template":"","format":"standard","meta":{"footnotes":""},"categories":[64],"tags":[],"class_list":{"0":"post-4867","1":"post","2":"type-post","3":"status-publish","4":"format-standard","5":"has-post-thumbnail","7":"category-nacionales"},"_links":{"self":[{"href":"https:\/\/elpueblonoticia.com.ar\/web\/wp-json\/wp\/v2\/posts\/4867","targetHints":{"allow":["GET"]}}],"collection":[{"href":"https:\/\/elpueblonoticia.com.ar\/web\/wp-json\/wp\/v2\/posts"}],"about":[{"href":"https:\/\/elpueblonoticia.com.ar\/web\/wp-json\/wp\/v2\/types\/post"}],"author":[{"embeddable":true,"href":"https:\/\/elpueblonoticia.com.ar\/web\/wp-json\/wp\/v2\/users\/2"}],"replies":[{"embeddable":true,"href":"https:\/\/elpueblonoticia.com.ar\/web\/wp-json\/wp\/v2\/comments?post=4867"}],"version-history":[{"count":1,"href":"https:\/\/elpueblonoticia.com.ar\/web\/wp-json\/wp\/v2\/posts\/4867\/revisions"}],"predecessor-version":[{"id":4869,"href":"https:\/\/elpueblonoticia.com.ar\/web\/wp-json\/wp\/v2\/posts\/4867\/revisions\/4869"}],"wp:featuredmedia":[{"embeddable":true,"href":"https:\/\/elpueblonoticia.com.ar\/web\/wp-json\/wp\/v2\/media\/4868"}],"wp:attachment":[{"href":"https:\/\/elpueblonoticia.com.ar\/web\/wp-json\/wp\/v2\/media?parent=4867"}],"wp:term":[{"taxonomy":"category","embeddable":true,"href":"https:\/\/elpueblonoticia.com.ar\/web\/wp-json\/wp\/v2\/categories?post=4867"},{"taxonomy":"post_tag","embeddable":true,"href":"https:\/\/elpueblonoticia.com.ar\/web\/wp-json\/wp\/v2\/tags?post=4867"}],"curies":[{"name":"wp","href":"https:\/\/api.w.org\/{rel}","templated":true}]}}