{"id":4860,"date":"2025-12-18T09:17:25","date_gmt":"2025-12-18T12:17:25","guid":{"rendered":"https:\/\/elpueblonoticia.com.ar\/web\/?p=4860"},"modified":"2025-12-18T09:17:25","modified_gmt":"2025-12-18T12:17:25","slug":"el-municipio-recuerda-horarios-y-recorridos-del-servicio-de-recoleccion-de-residuos","status":"publish","type":"post","link":"https:\/\/elpueblonoticia.com.ar\/web\/2025\/12\/18\/el-municipio-recuerda-horarios-y-recorridos-del-servicio-de-recoleccion-de-residuos\/","title":{"rendered":"EL MUNICIPIO RECUERDA HORARIOS Y RECORRIDOS DEL SERVICIO DE RECOLECCI\u00d3N DE RESIDUOS"},"content":{"rendered":"<p><strong>Interes general<\/strong><\/p>\n<p>18 de Diciembre de 2025<\/p>\n<p data-olk-copy-source=\"MessageBody\">La\u00a0<strong>Municipalidad de Paso de los Libres<\/strong>, a trav\u00e9s de la\u00a0<strong>Secretar\u00eda de Obras y Servicios P\u00fablicos<\/strong>, recuerda a los vecinos los\u00a0<strong>horarios y recorridos del servicio de recolecci\u00f3n de residuos domiciliarios<\/strong>, con el objetivo de fortalecer el orden, la limpieza y el cuidado del espacio p\u00fablico.<\/p>\n<p><strong>Turno ma\u00f1ana | de 07:00 a 12:00 hs<\/strong><br \/>\nDurante este horario se realiza el servicio de\u00a0<strong>cestos comunitarios<\/strong>\u00a0y de\u00a0<strong>camiones recolectores<\/strong>\u00a0en los siguientes sectores:<br \/>\n<i>Zona Ombucito, Zona Aeropuerto, Zona Palmar, Zona Hip\u00f3dromo, barrios La Merced, Terminal de \u00d3mnibus, Monteverde, Madres Solteras, Coviyal, 96 Viviendas, 1\u00b0 de Mayo, Suboficiales y Oficiales.<\/i><\/p>\n<p><strong>Turno noche | a partir de las 21:00 hs<\/strong><br \/>\n<i>El servicio de\u00a0<strong>camiones recolectores<\/strong>\u00a0recorre la\u00a0<strong>zona centro<\/strong>\u00a0y los\u00a0<strong>barrios INVICO<\/strong>.<\/i><\/p>\n<p>Desde el Municipio se recuerda que, seg\u00fan lo establecido en la\u00a0<strong>Ordenanza N\u00b0 977\/12 \u2013 Art\u00edculo 1\u00b0<\/strong>, ser\u00e1n pasibles de sanci\u00f3n quienes:<br \/>\n\u2013 Depositen residuos en la v\u00eda p\u00fablica fuera del horario habitual de recolecci\u00f3n.<br \/>\n\u2013 Dispongan residuos de forma incorrecta, provocando derrames o p\u00e9rdida de materiales.<br \/>\n\u2013 Arrojen residuos en la v\u00eda p\u00fablica, terrenos bald\u00edos, cavas, pozos o en lugares no habilitados.<\/p>\n<p>El cumplimiento de los horarios y normas vigentes es fundamental para evitar infracciones y contribuir a una ciudad m\u00e1s ordenada.<\/p>\n<p>Con el compromiso de todos,\u00a0<strong>una ciudad m\u00e1s limpia es posible<\/strong>.<\/p>\n<p><img loading=\"lazy\" decoding=\"async\" class=\"alignnone size-medium wp-image-4861\" src=\"https:\/\/elpueblonoticia.com.ar\/web\/wp-content\/uploads\/2025\/12\/Municipalidad-6-169x300.png\" alt=\"\" width=\"169\" height=\"300\" srcset=\"https:\/\/elpueblonoticia.com.ar\/web\/wp-content\/uploads\/2025\/12\/Municipalidad-6-169x300.png 169w, https:\/\/elpueblonoticia.com.ar\/web\/wp-content\/uploads\/2025\/12\/Municipalidad-6-576x1024.png 576w, https:\/\/elpueblonoticia.com.ar\/web\/wp-content\/uploads\/2025\/12\/Municipalidad-6-768x1365.png 768w, https:\/\/elpueblonoticia.com.ar\/web\/wp-content\/uploads\/2025\/12\/Municipalidad-6-864x1536.png 864w, https:\/\/elpueblonoticia.com.ar\/web\/wp-content\/uploads\/2025\/12\/Municipalidad-6-236x420.png 236w, https:\/\/elpueblonoticia.com.ar\/web\/wp-content\/uploads\/2025\/12\/Municipalidad-6-696x1237.png 696w, https:\/\/elpueblonoticia.com.ar\/web\/wp-content\/uploads\/2025\/12\/Municipalidad-6-1068x1899.png 1068w, https:\/\/elpueblonoticia.com.ar\/web\/wp-content\/uploads\/2025\/12\/Municipalidad-6.png 1080w\" sizes=\"auto, (max-width: 169px) 100vw, 169px\" \/><\/p>\n","protected":false},"excerpt":{"rendered":"<p>Interes general 18 de Diciembre de 2025 La\u00a0Municipalidad de Paso de los Libres, a trav\u00e9s de la\u00a0Secretar\u00eda de Obras y Servicios P\u00fablicos, recuerda a los vecinos los\u00a0horarios y recorridos del servicio de recolecci\u00f3n de residuos domiciliarios, con el objetivo de fortalecer el orden, la limpieza y el cuidado del espacio p\u00fablico. Turno ma\u00f1ana | de [&hellip;]<\/p>\n","protected":false},"author":2,"featured_media":4862,"comment_status":"open","ping_status":"open","sticky":false,"template":"","format":"standard","meta":{"footnotes":""},"categories":[77],"tags":[],"class_list":{"0":"post-4860","1":"post","2":"type-post","3":"status-publish","4":"format-standard","5":"has-post-thumbnail","7":"category-paso-de-los-libres"},"_links":{"self":[{"href":"https:\/\/elpueblonoticia.com.ar\/web\/wp-json\/wp\/v2\/posts\/4860","targetHints":{"allow":["GET"]}}],"collection":[{"href":"https:\/\/elpueblonoticia.com.ar\/web\/wp-json\/wp\/v2\/posts"}],"about":[{"href":"https:\/\/elpueblonoticia.com.ar\/web\/wp-json\/wp\/v2\/types\/post"}],"author":[{"embeddable":true,"href":"https:\/\/elpueblonoticia.com.ar\/web\/wp-json\/wp\/v2\/users\/2"}],"replies":[{"embeddable":true,"href":"https:\/\/elpueblonoticia.com.ar\/web\/wp-json\/wp\/v2\/comments?post=4860"}],"version-history":[{"count":1,"href":"https:\/\/elpueblonoticia.com.ar\/web\/wp-json\/wp\/v2\/posts\/4860\/revisions"}],"predecessor-version":[{"id":4863,"href":"https:\/\/elpueblonoticia.com.ar\/web\/wp-json\/wp\/v2\/posts\/4860\/revisions\/4863"}],"wp:featuredmedia":[{"embeddable":true,"href":"https:\/\/elpueblonoticia.com.ar\/web\/wp-json\/wp\/v2\/media\/4862"}],"wp:attachment":[{"href":"https:\/\/elpueblonoticia.com.ar\/web\/wp-json\/wp\/v2\/media?parent=4860"}],"wp:term":[{"taxonomy":"category","embeddable":true,"href":"https:\/\/elpueblonoticia.com.ar\/web\/wp-json\/wp\/v2\/categories?post=4860"},{"taxonomy":"post_tag","embeddable":true,"href":"https:\/\/elpueblonoticia.com.ar\/web\/wp-json\/wp\/v2\/tags?post=4860"}],"curies":[{"name":"wp","href":"https:\/\/api.w.org\/{rel}","templated":true}]}}