{"id":4854,"date":"2025-12-17T08:12:45","date_gmt":"2025-12-17T11:12:45","guid":{"rendered":"https:\/\/elpueblonoticia.com.ar\/web\/?p=4854"},"modified":"2025-12-17T08:12:45","modified_gmt":"2025-12-17T11:12:45","slug":"este-viernes-20-se-realizara-el-paseo-navideno-sobre-calle-colon","status":"publish","type":"post","link":"https:\/\/elpueblonoticia.com.ar\/web\/2025\/12\/17\/este-viernes-20-se-realizara-el-paseo-navideno-sobre-calle-colon\/","title":{"rendered":"Este viernes 20 se realizar\u00e1 el Paseo Navide\u00f1o sobre calle Col\u00f3n"},"content":{"rendered":"<p><strong>Info general<\/strong><\/p>\n<p>17 de Diciembre de 2025<\/p>\n<p dir=\"auto\" data-olk-copy-source=\"MessageBody\">Este viernes 20 de diciembre, la calle Col\u00f3n de Paso de los Libres se convertir\u00e1 en un Paseo Navide\u00f1o, una propuesta pensada para que vecinos y vecinas puedan disfrutar, recorrer y apoyar a los emprendedores y comercios locales en el marco de las celebraciones de fin de a\u00f1o.<\/p>\n<p dir=\"auto\">La iniciativa se desarrollar\u00e1 de 17:00 a 22:00 horas, sobre calle Col\u00f3n desde Los 108 hasta Uruguay, e incluir\u00e1 adem\u00e1s el Paseo de Emprendedores por Mitre, entre Col\u00f3n y Madariaga, generando un circuito comercial y recreativo abierto a toda la comunidad.<\/p>\n<p dir=\"auto\">El Paseo Navide\u00f1o busca generar un espacio de encuentro y consumo en el marco de la celebraci\u00f3n de fin de a\u00f1o, fortaleciendo la econom\u00eda local y promoviendo la participaci\u00f3n de emprendedores y comerciantes de la ciudad.<\/p>\n<p>Desde la Municipalidad de Paso de los Libres se invita a la comunidad a participar de esta propuesta y se informa que quienes deseen sumar su negocio o emprendimiento podr\u00e1n comunicarse con la Municipalidad para recibir asesoramiento e informaci\u00f3n sobre la inscripci\u00f3n correspondiente.<\/p>\n","protected":false},"excerpt":{"rendered":"<p>Info general 17 de Diciembre de 2025 Este viernes 20 de diciembre, la calle Col\u00f3n de Paso de los Libres se convertir\u00e1 en un Paseo Navide\u00f1o, una propuesta pensada para que vecinos y vecinas puedan disfrutar, recorrer y apoyar a los emprendedores y comercios locales en el marco de las celebraciones de fin de a\u00f1o. [&hellip;]<\/p>\n","protected":false},"author":2,"featured_media":4855,"comment_status":"open","ping_status":"open","sticky":false,"template":"","format":"standard","meta":{"footnotes":""},"categories":[77],"tags":[],"class_list":{"0":"post-4854","1":"post","2":"type-post","3":"status-publish","4":"format-standard","5":"has-post-thumbnail","7":"category-paso-de-los-libres"},"_links":{"self":[{"href":"https:\/\/elpueblonoticia.com.ar\/web\/wp-json\/wp\/v2\/posts\/4854","targetHints":{"allow":["GET"]}}],"collection":[{"href":"https:\/\/elpueblonoticia.com.ar\/web\/wp-json\/wp\/v2\/posts"}],"about":[{"href":"https:\/\/elpueblonoticia.com.ar\/web\/wp-json\/wp\/v2\/types\/post"}],"author":[{"embeddable":true,"href":"https:\/\/elpueblonoticia.com.ar\/web\/wp-json\/wp\/v2\/users\/2"}],"replies":[{"embeddable":true,"href":"https:\/\/elpueblonoticia.com.ar\/web\/wp-json\/wp\/v2\/comments?post=4854"}],"version-history":[{"count":1,"href":"https:\/\/elpueblonoticia.com.ar\/web\/wp-json\/wp\/v2\/posts\/4854\/revisions"}],"predecessor-version":[{"id":4856,"href":"https:\/\/elpueblonoticia.com.ar\/web\/wp-json\/wp\/v2\/posts\/4854\/revisions\/4856"}],"wp:featuredmedia":[{"embeddable":true,"href":"https:\/\/elpueblonoticia.com.ar\/web\/wp-json\/wp\/v2\/media\/4855"}],"wp:attachment":[{"href":"https:\/\/elpueblonoticia.com.ar\/web\/wp-json\/wp\/v2\/media?parent=4854"}],"wp:term":[{"taxonomy":"category","embeddable":true,"href":"https:\/\/elpueblonoticia.com.ar\/web\/wp-json\/wp\/v2\/categories?post=4854"},{"taxonomy":"post_tag","embeddable":true,"href":"https:\/\/elpueblonoticia.com.ar\/web\/wp-json\/wp\/v2\/tags?post=4854"}],"curies":[{"name":"wp","href":"https:\/\/api.w.org\/{rel}","templated":true}]}}