{"id":4851,"date":"2025-12-17T07:59:32","date_gmt":"2025-12-17T10:59:32","guid":{"rendered":"https:\/\/elpueblonoticia.com.ar\/web\/?p=4851"},"modified":"2025-12-17T07:59:32","modified_gmt":"2025-12-17T10:59:32","slug":"el-bono-navideno-a-estatales-correntinos-se-anunciara-este-viernes","status":"publish","type":"post","link":"https:\/\/elpueblonoticia.com.ar\/web\/2025\/12\/17\/el-bono-navideno-a-estatales-correntinos-se-anunciara-este-viernes\/","title":{"rendered":"El bono navide\u00f1o a estatales correntinos se anunciar\u00e1 este viernes"},"content":{"rendered":"<p><strong>Economia<\/strong><\/p>\n<p>17 de Diciembre de 2025<\/p>\n<p><b>El bono navide\u00f1o a estatales correntinos se anunciar\u00e1 este viernes, monto y modalidad de pago<\/b><\/p>\n<div id=\"Inline\" class=\"banner-in-text\">\n<div id=\"sas_1765968963365rnd\"><iframe loading=\"lazy\" id=\"Inline_iframe\" src=\"about:blank\" width=\"1\" height=\"1\" frameborder=\"0\" scrolling=\"no\" data-mce-fragment=\"1\"><\/iframe><\/div>\n<\/div>\n<p>Tambi\u00e9n se dar\u00e1n a conocer otras medidas econ\u00f3micas para beneficiar a los empleados p\u00fablicos correntinos, lo anunci\u00f3 ayer el gobernador de la provincia.<\/p>\n<p>\u201cVamos a estar haciendo el anuncio el viernes (19 de diciembre) junto a otras medidas que tambi\u00e9n van a poder tener los empleados p\u00fablicos\u201d, inform\u00f3 el gobernador Juan Pablo Vald\u00e9s ayer por la tarde.<\/p>\n<p>El mandatario lo dijo en el marco de la presentaci\u00f3n de la 35\u00b0 edici\u00f3n de la Fiesta Nacional del Chamam\u00e9 que iniciar\u00e1 el 16 de enero y culminar\u00e1 el 25 de ese mes.<\/p>\n<p>El bono navide\u00f1o es un extra salarial para empleados estatales, activos y pasivos. En 2023 y 2024 el monto fue de $500.000 y se pag\u00f3 en tres cuotas.<\/p>\n<p>Con respecto a los empleados municipales de toda la provincia \u201cdepender\u00e1 de cada intendente\u201d, hab\u00eda dicho el gobernador la semana pasada.<\/p>\n","protected":false},"excerpt":{"rendered":"<p>Economia 17 de Diciembre de 2025 El bono navide\u00f1o a estatales correntinos se anunciar\u00e1 este viernes, monto y modalidad de pago Tambi\u00e9n se dar\u00e1n a conocer otras medidas econ\u00f3micas para beneficiar a los empleados p\u00fablicos correntinos, lo anunci\u00f3 ayer el gobernador de la provincia. \u201cVamos a estar haciendo el anuncio el viernes (19 de diciembre) [&hellip;]<\/p>\n","protected":false},"author":2,"featured_media":4852,"comment_status":"open","ping_status":"open","sticky":false,"template":"","format":"standard","meta":{"footnotes":""},"categories":[72],"tags":[],"class_list":{"0":"post-4851","1":"post","2":"type-post","3":"status-publish","4":"format-standard","5":"has-post-thumbnail","7":"category-provinciales"},"_links":{"self":[{"href":"https:\/\/elpueblonoticia.com.ar\/web\/wp-json\/wp\/v2\/posts\/4851","targetHints":{"allow":["GET"]}}],"collection":[{"href":"https:\/\/elpueblonoticia.com.ar\/web\/wp-json\/wp\/v2\/posts"}],"about":[{"href":"https:\/\/elpueblonoticia.com.ar\/web\/wp-json\/wp\/v2\/types\/post"}],"author":[{"embeddable":true,"href":"https:\/\/elpueblonoticia.com.ar\/web\/wp-json\/wp\/v2\/users\/2"}],"replies":[{"embeddable":true,"href":"https:\/\/elpueblonoticia.com.ar\/web\/wp-json\/wp\/v2\/comments?post=4851"}],"version-history":[{"count":1,"href":"https:\/\/elpueblonoticia.com.ar\/web\/wp-json\/wp\/v2\/posts\/4851\/revisions"}],"predecessor-version":[{"id":4853,"href":"https:\/\/elpueblonoticia.com.ar\/web\/wp-json\/wp\/v2\/posts\/4851\/revisions\/4853"}],"wp:featuredmedia":[{"embeddable":true,"href":"https:\/\/elpueblonoticia.com.ar\/web\/wp-json\/wp\/v2\/media\/4852"}],"wp:attachment":[{"href":"https:\/\/elpueblonoticia.com.ar\/web\/wp-json\/wp\/v2\/media?parent=4851"}],"wp:term":[{"taxonomy":"category","embeddable":true,"href":"https:\/\/elpueblonoticia.com.ar\/web\/wp-json\/wp\/v2\/categories?post=4851"},{"taxonomy":"post_tag","embeddable":true,"href":"https:\/\/elpueblonoticia.com.ar\/web\/wp-json\/wp\/v2\/tags?post=4851"}],"curies":[{"name":"wp","href":"https:\/\/api.w.org\/{rel}","templated":true}]}}