{"id":4847,"date":"2025-12-16T11:47:13","date_gmt":"2025-12-16T14:47:13","guid":{"rendered":"https:\/\/elpueblonoticia.com.ar\/web\/?p=4847"},"modified":"2025-12-16T11:47:13","modified_gmt":"2025-12-16T14:47:13","slug":"faraldo-recorrio-trabajos-de-limpieza-en-el-barrio-caa-guazu","status":"publish","type":"post","link":"https:\/\/elpueblonoticia.com.ar\/web\/2025\/12\/16\/faraldo-recorrio-trabajos-de-limpieza-en-el-barrio-caa-guazu\/","title":{"rendered":"Faraldo recorri\u00f3 trabajos de limpieza en el barrio Ca\u00e1 Guaz\u00fa"},"content":{"rendered":"<p><strong>Info general<\/strong><\/p>\n<p>16 de Diciembre de 2025<\/p>\n<p>El intendente de Paso de los Libres, Agust\u00edn Faraldo, contin\u00faa recorriendo distintos puntos de la ciudad para supervisar los trabajos de limpieza y mantenimiento que se desarrollan desde el Municipio. En ese marco, durante la jornada de hoy estuvo presente en el barrio Ca\u00e1 Guaz\u00fa.<\/p>\n<p>La recorrida se realiz\u00f3 junto al secretario de Obras P\u00fablicas, Nelson Schiro, donde se llevan adelante tareas de limpieza, ordenamiento y puesta en condiciones de los espacios del barrio.<\/p>\n<p>Durante la visita, vecinos del barrio se acercaron para plantear distintas necesidades, las cuales fueron escuchadas por las autoridades municipales, que se encuentran trabajando en cada uno de los pedidos planteados, de acuerdo a la planificaci\u00f3n y las posibilidades de las \u00e1reas correspondientes.<\/p>\n<p>El Municipio contin\u00faa desarrollando trabajos de limpieza de calles, mantenimiento y ordenamiento de espacios p\u00fablicos, colocaci\u00f3n y mejora de luminarias, as\u00ed como tareas de organizaci\u00f3n y recuperaci\u00f3n de distintos sectores de la ciudad, reafirmando el compromiso con la limpieza, el orden y la mejora del estado general de Paso de los Libres.<\/p>\n<p><img loading=\"lazy\" decoding=\"async\" class=\"alignnone size-medium wp-image-4848\" src=\"https:\/\/elpueblonoticia.com.ar\/web\/wp-content\/uploads\/2025\/12\/WhatsApp-Image-2025-12-16-at-10.54.29-1-300x225.jpeg\" alt=\"\" width=\"300\" height=\"225\" srcset=\"https:\/\/elpueblonoticia.com.ar\/web\/wp-content\/uploads\/2025\/12\/WhatsApp-Image-2025-12-16-at-10.54.29-1-300x225.jpeg 300w, https:\/\/elpueblonoticia.com.ar\/web\/wp-content\/uploads\/2025\/12\/WhatsApp-Image-2025-12-16-at-10.54.29-1-1024x768.jpeg 1024w, https:\/\/elpueblonoticia.com.ar\/web\/wp-content\/uploads\/2025\/12\/WhatsApp-Image-2025-12-16-at-10.54.29-1-768x576.jpeg 768w, https:\/\/elpueblonoticia.com.ar\/web\/wp-content\/uploads\/2025\/12\/WhatsApp-Image-2025-12-16-at-10.54.29-1-560x420.jpeg 560w, https:\/\/elpueblonoticia.com.ar\/web\/wp-content\/uploads\/2025\/12\/WhatsApp-Image-2025-12-16-at-10.54.29-1-80x60.jpeg 80w, https:\/\/elpueblonoticia.com.ar\/web\/wp-content\/uploads\/2025\/12\/WhatsApp-Image-2025-12-16-at-10.54.29-1-696x522.jpeg 696w, https:\/\/elpueblonoticia.com.ar\/web\/wp-content\/uploads\/2025\/12\/WhatsApp-Image-2025-12-16-at-10.54.29-1-1068x801.jpeg 1068w, https:\/\/elpueblonoticia.com.ar\/web\/wp-content\/uploads\/2025\/12\/WhatsApp-Image-2025-12-16-at-10.54.29-1-265x198.jpeg 265w, https:\/\/elpueblonoticia.com.ar\/web\/wp-content\/uploads\/2025\/12\/WhatsApp-Image-2025-12-16-at-10.54.29-1.jpeg 1280w\" sizes=\"auto, (max-width: 300px) 100vw, 300px\" \/><\/p>\n","protected":false},"excerpt":{"rendered":"<p>Info general 16 de Diciembre de 2025 El intendente de Paso de los Libres, Agust\u00edn Faraldo, contin\u00faa recorriendo distintos puntos de la ciudad para supervisar los trabajos de limpieza y mantenimiento que se desarrollan desde el Municipio. En ese marco, durante la jornada de hoy estuvo presente en el barrio Ca\u00e1 Guaz\u00fa. La recorrida se [&hellip;]<\/p>\n","protected":false},"author":2,"featured_media":4849,"comment_status":"open","ping_status":"open","sticky":false,"template":"","format":"standard","meta":{"footnotes":""},"categories":[77],"tags":[],"class_list":{"0":"post-4847","1":"post","2":"type-post","3":"status-publish","4":"format-standard","5":"has-post-thumbnail","7":"category-paso-de-los-libres"},"_links":{"self":[{"href":"https:\/\/elpueblonoticia.com.ar\/web\/wp-json\/wp\/v2\/posts\/4847","targetHints":{"allow":["GET"]}}],"collection":[{"href":"https:\/\/elpueblonoticia.com.ar\/web\/wp-json\/wp\/v2\/posts"}],"about":[{"href":"https:\/\/elpueblonoticia.com.ar\/web\/wp-json\/wp\/v2\/types\/post"}],"author":[{"embeddable":true,"href":"https:\/\/elpueblonoticia.com.ar\/web\/wp-json\/wp\/v2\/users\/2"}],"replies":[{"embeddable":true,"href":"https:\/\/elpueblonoticia.com.ar\/web\/wp-json\/wp\/v2\/comments?post=4847"}],"version-history":[{"count":1,"href":"https:\/\/elpueblonoticia.com.ar\/web\/wp-json\/wp\/v2\/posts\/4847\/revisions"}],"predecessor-version":[{"id":4850,"href":"https:\/\/elpueblonoticia.com.ar\/web\/wp-json\/wp\/v2\/posts\/4847\/revisions\/4850"}],"wp:featuredmedia":[{"embeddable":true,"href":"https:\/\/elpueblonoticia.com.ar\/web\/wp-json\/wp\/v2\/media\/4849"}],"wp:attachment":[{"href":"https:\/\/elpueblonoticia.com.ar\/web\/wp-json\/wp\/v2\/media?parent=4847"}],"wp:term":[{"taxonomy":"category","embeddable":true,"href":"https:\/\/elpueblonoticia.com.ar\/web\/wp-json\/wp\/v2\/categories?post=4847"},{"taxonomy":"post_tag","embeddable":true,"href":"https:\/\/elpueblonoticia.com.ar\/web\/wp-json\/wp\/v2\/tags?post=4847"}],"curies":[{"name":"wp","href":"https:\/\/api.w.org\/{rel}","templated":true}]}}