{"id":4840,"date":"2025-12-16T10:51:39","date_gmt":"2025-12-16T13:51:39","guid":{"rendered":"https:\/\/elpueblonoticia.com.ar\/web\/?p=4840"},"modified":"2025-12-16T10:51:39","modified_gmt":"2025-12-16T13:51:39","slug":"el-partido-justicialista-libreno-formalizo-pedido-de-sanciones-para-seis-de-sus-afiliados","status":"publish","type":"post","link":"https:\/\/elpueblonoticia.com.ar\/web\/2025\/12\/16\/el-partido-justicialista-libreno-formalizo-pedido-de-sanciones-para-seis-de-sus-afiliados\/","title":{"rendered":"El Partido Justicialista Libre\u00f1o formaliz\u00f3 pedido de sanciones para seis de sus afiliados"},"content":{"rendered":"<p><strong>Politica<\/strong><\/p>\n<p>16 de Diciembre de 2025<\/p>\n<p>El Partido Justicialista Libre\u00f1o formaliz\u00f3 ante Consejo Provincial del PJ, el pedido de sanciones para seis de sus afiliados<\/p>\n<p>Se trata de Javier Sigilo, Alejandra Rojas, Edgar Gim\u00e9nez, Gustavo Garc\u00eda, Diego Figueredo y Walter Navarrete. Alega el PJ local, que los mencionados dirigentes \u201cincumplieron la Carta Org\u00e1nica Partidaria al integrar listas ajenas al Partido Justicialista, o participar activamente en fuerzas pol\u00edticas opositoras durante el \u00faltimo proceso electoral. Ahora el Consejo provincial del PJ, deber\u00e1 derivar la solicitud a la Junta de Disciplina, para que se expida al respecto.<\/p>\n<p>El \u00faltimo s\u00e1bado se reuni\u00f3 del Consejo Provincial del Partido Justicialista Correntino, para abordar varios temas vinculados a la actualidad pol\u00edtica, provincial y nacional.<\/p>\n<p>Varias localidades, hicieron ingresar sendos pedidos de sanciones y expulsiones de dirigentes, que participaron en otros espacios pol\u00edticos.<\/p>\n<p>En el caso puntual de Paso de los Libres, el PJ local, presidido por el exintendente y excandidato a gobernador, Mart\u00edn \u201cTincho\u201d Asc\u00faa, solicit\u00f3 la sanci\u00f3n disciplinaria para seis de sus afiliados, ellos:<\/p>\n<p>&nbsp;<\/p>\n<p>Javier Sigilo<\/p>\n<p>Alejandra Rojas<\/p>\n<p>Edgar Gim\u00e9nez<\/p>\n<p>Gustavo Garc\u00eda<\/p>\n<p>Diego Figueredo<\/p>\n<p>Walter Navarrete<\/p>\n<p>&nbsp;<\/p>\n<p>Las autoridades del PJ Libre\u00f1o, solicitan a la conducci\u00f3n provincial, presidida por la Diputada provincial, Ana Almir\u00f3n, el tratamiento urgente del tema, respecto de los mencionados, afiliados y afiliadas. La misiva se\u00f1ala \u201clos mismos han incurrido en incumplimientos de la Carta Org\u00e1nica Partidaria al integrar listas ajenas al Partido Justicialista o participar activamente en fuerzas pol\u00edticas opositoras durante el \u00faltimo proceso electoral\u201d.<\/p>\n<p>&nbsp;<\/p>\n<p>A\u00f1ade \u201ctal conducta constituye una falta grave, en tanto que vulnera la normativa interna vigente, quebranta la disciplina partidaria y atenta directamente contra la unidad organizativa del peronismo provincial y local\u201d.<\/p>\n<p>&nbsp;<\/p>\n<p>La idea que prima en su mayor\u00eda en el Consejo local, es la de expulsarlos, aunque algunas voces, consideran que la &#8220;suspensi\u00f3n&#8221; es una medida suficiente.<\/p>\n<p>&nbsp;<\/p>\n<p>Desde el sector del PJ disidente, que se ali\u00f3 a Agust\u00edn Faraldo y que integra actualmente Vamos Corrientes, deslizaron que no hay inter\u00e9s en regresar al partido.<\/p>\n<p>&nbsp;<\/p>\n<p>Por su parte, los dirigentes que participaron en la \u00faltima elecci\u00f3n, como candidatos de ECO, sostuvieron lo mismo que en la campa\u00f1a \u201clas actuales autoridades del peronismo Libre\u00f1o, si van plantear la expulsi\u00f3n, que expliquen primero por qu\u00e9 compitieron por fuera de la estructura del PJ en el 2019, con Unidad Correntina, llevando a Miguel Arias como 1er. candidato a Diputado Provincial\u201d.<\/p>\n<p>&nbsp;<\/p>\n<p>Ahora la Junta de Disciplina, deber\u00e1 evaluar y resolver cada situaci\u00f3n conforme al procedimiento partidario. Previamente, si as\u00ed lo quisiesen los mencionados, podr\u00edan realizar un descargo ante el \u00f3rgano partidario.<\/p>\n<p>&nbsp;<\/p>\n<p>El debate se abri\u00f3 en el peronismo Libre\u00f1o.<\/p>\n<p>Fuente : Ignacio Villanueva<\/p>\n","protected":false},"excerpt":{"rendered":"<p>Politica 16 de Diciembre de 2025 El Partido Justicialista Libre\u00f1o formaliz\u00f3 ante Consejo Provincial del PJ, el pedido de sanciones para seis de sus afiliados Se trata de Javier Sigilo, Alejandra Rojas, Edgar Gim\u00e9nez, Gustavo Garc\u00eda, Diego Figueredo y Walter Navarrete. Alega el PJ local, que los mencionados dirigentes \u201cincumplieron la Carta Org\u00e1nica Partidaria al [&hellip;]<\/p>\n","protected":false},"author":2,"featured_media":4841,"comment_status":"open","ping_status":"open","sticky":false,"template":"","format":"standard","meta":{"footnotes":""},"categories":[77],"tags":[],"class_list":{"0":"post-4840","1":"post","2":"type-post","3":"status-publish","4":"format-standard","5":"has-post-thumbnail","7":"category-paso-de-los-libres"},"_links":{"self":[{"href":"https:\/\/elpueblonoticia.com.ar\/web\/wp-json\/wp\/v2\/posts\/4840","targetHints":{"allow":["GET"]}}],"collection":[{"href":"https:\/\/elpueblonoticia.com.ar\/web\/wp-json\/wp\/v2\/posts"}],"about":[{"href":"https:\/\/elpueblonoticia.com.ar\/web\/wp-json\/wp\/v2\/types\/post"}],"author":[{"embeddable":true,"href":"https:\/\/elpueblonoticia.com.ar\/web\/wp-json\/wp\/v2\/users\/2"}],"replies":[{"embeddable":true,"href":"https:\/\/elpueblonoticia.com.ar\/web\/wp-json\/wp\/v2\/comments?post=4840"}],"version-history":[{"count":1,"href":"https:\/\/elpueblonoticia.com.ar\/web\/wp-json\/wp\/v2\/posts\/4840\/revisions"}],"predecessor-version":[{"id":4842,"href":"https:\/\/elpueblonoticia.com.ar\/web\/wp-json\/wp\/v2\/posts\/4840\/revisions\/4842"}],"wp:featuredmedia":[{"embeddable":true,"href":"https:\/\/elpueblonoticia.com.ar\/web\/wp-json\/wp\/v2\/media\/4841"}],"wp:attachment":[{"href":"https:\/\/elpueblonoticia.com.ar\/web\/wp-json\/wp\/v2\/media?parent=4840"}],"wp:term":[{"taxonomy":"category","embeddable":true,"href":"https:\/\/elpueblonoticia.com.ar\/web\/wp-json\/wp\/v2\/categories?post=4840"},{"taxonomy":"post_tag","embeddable":true,"href":"https:\/\/elpueblonoticia.com.ar\/web\/wp-json\/wp\/v2\/tags?post=4840"}],"curies":[{"name":"wp","href":"https:\/\/api.w.org\/{rel}","templated":true}]}}