{"id":4837,"date":"2025-12-16T09:24:19","date_gmt":"2025-12-16T12:24:19","guid":{"rendered":"https:\/\/elpueblonoticia.com.ar\/web\/?p=4837"},"modified":"2025-12-16T09:24:19","modified_gmt":"2025-12-16T12:24:19","slug":"abierto-el-reempadronamiento-de-productores-en-paso-de-los-libres","status":"publish","type":"post","link":"https:\/\/elpueblonoticia.com.ar\/web\/2025\/12\/16\/abierto-el-reempadronamiento-de-productores-en-paso-de-los-libres\/","title":{"rendered":"ABIERTO EL REEMPADRONAMIENTO DE PRODUCTORES EN PASO DE LOS LIBRES"},"content":{"rendered":"<p><strong>Informacion general<\/strong><\/p>\n<p>16 de Diciembre de 2025<\/p>\n<p dir=\"ltr\"><span data-olk-copy-source=\"MessageBody\">La Municipalidad de Paso de los Libres, a trav\u00e9s de la Secretar\u00eda de Desarrollo y la Direcci\u00f3n de Producci\u00f3n, informa que se encuentra abierto el\u00a0<\/span>reempadronamiento de peque\u00f1os y medianos productores\u00a0del municipio.<\/p>\n<p dir=\"ltr\">Este proceso tiene como objetivo\u00a0actualizar la base de datos de productores locales, lo cual permitir\u00e1 fortalecer las pol\u00edticas p\u00fablicas dirigidas al sector productivo y facilitar el acceso a\u00a0programas de asistencia t\u00e9cnica, capacitaciones, financiamiento\u00a0y futuras acciones de\u00a0promoci\u00f3n y comercializaci\u00f3n.<\/p>\n<p dir=\"ltr\">El reempadronamiento est\u00e1 dirigido a\u00a0productores agr\u00edcolas, hort\u00edcolas, emprendedores rurales\u00a0y dem\u00e1s actores del sector productivo local. Los interesados deber\u00e1n presentarse para la actualizaci\u00f3n de sus datos.<\/p>\n<p dir=\"ltr\">Para m\u00e1s informaci\u00f3n, los productores pueden acercarse a la\u00a0Secretar\u00eda de Desarrollo, ubicada en\u00a0Rivadavia 1245 (ex Mercado Municipal).<\/p>\n<p>Desde el Municipio se invita a todos los productores a participar de este proceso, subrayando la importancia de este reempadronamiento como\u00a0herramienta clave para el desarrollo productivo local\u00a0y el\u00a0acompa\u00f1amiento continuo al sector.<\/p>\n","protected":false},"excerpt":{"rendered":"<p>Informacion general 16 de Diciembre de 2025 La Municipalidad de Paso de los Libres, a trav\u00e9s de la Secretar\u00eda de Desarrollo y la Direcci\u00f3n de Producci\u00f3n, informa que se encuentra abierto el\u00a0reempadronamiento de peque\u00f1os y medianos productores\u00a0del municipio. Este proceso tiene como objetivo\u00a0actualizar la base de datos de productores locales, lo cual permitir\u00e1 fortalecer las [&hellip;]<\/p>\n","protected":false},"author":2,"featured_media":4838,"comment_status":"open","ping_status":"open","sticky":false,"template":"","format":"standard","meta":{"footnotes":""},"categories":[77],"tags":[],"class_list":{"0":"post-4837","1":"post","2":"type-post","3":"status-publish","4":"format-standard","5":"has-post-thumbnail","7":"category-paso-de-los-libres"},"_links":{"self":[{"href":"https:\/\/elpueblonoticia.com.ar\/web\/wp-json\/wp\/v2\/posts\/4837","targetHints":{"allow":["GET"]}}],"collection":[{"href":"https:\/\/elpueblonoticia.com.ar\/web\/wp-json\/wp\/v2\/posts"}],"about":[{"href":"https:\/\/elpueblonoticia.com.ar\/web\/wp-json\/wp\/v2\/types\/post"}],"author":[{"embeddable":true,"href":"https:\/\/elpueblonoticia.com.ar\/web\/wp-json\/wp\/v2\/users\/2"}],"replies":[{"embeddable":true,"href":"https:\/\/elpueblonoticia.com.ar\/web\/wp-json\/wp\/v2\/comments?post=4837"}],"version-history":[{"count":1,"href":"https:\/\/elpueblonoticia.com.ar\/web\/wp-json\/wp\/v2\/posts\/4837\/revisions"}],"predecessor-version":[{"id":4839,"href":"https:\/\/elpueblonoticia.com.ar\/web\/wp-json\/wp\/v2\/posts\/4837\/revisions\/4839"}],"wp:featuredmedia":[{"embeddable":true,"href":"https:\/\/elpueblonoticia.com.ar\/web\/wp-json\/wp\/v2\/media\/4838"}],"wp:attachment":[{"href":"https:\/\/elpueblonoticia.com.ar\/web\/wp-json\/wp\/v2\/media?parent=4837"}],"wp:term":[{"taxonomy":"category","embeddable":true,"href":"https:\/\/elpueblonoticia.com.ar\/web\/wp-json\/wp\/v2\/categories?post=4837"},{"taxonomy":"post_tag","embeddable":true,"href":"https:\/\/elpueblonoticia.com.ar\/web\/wp-json\/wp\/v2\/tags?post=4837"}],"curies":[{"name":"wp","href":"https:\/\/api.w.org\/{rel}","templated":true}]}}