{"id":4834,"date":"2025-12-15T20:19:25","date_gmt":"2025-12-15T23:19:25","guid":{"rendered":"https:\/\/elpueblonoticia.com.ar\/web\/?p=4834"},"modified":"2025-12-15T20:19:25","modified_gmt":"2025-12-15T23:19:25","slug":"abrio-la-inscripcion-para-la-colonia-de-vacaciones-municipal","status":"publish","type":"post","link":"https:\/\/elpueblonoticia.com.ar\/web\/2025\/12\/15\/abrio-la-inscripcion-para-la-colonia-de-vacaciones-municipal\/","title":{"rendered":"Abri\u00f3 la inscripci\u00f3n para la Colonia de Vacaciones Municipal"},"content":{"rendered":"<p><strong>Interes general<\/strong><\/p>\n<p>15 de Diciembre de 2025<\/p>\n<p>La Municipalidad de Paso de los Libres informa que ya se encuentra abierta la inscripci\u00f3n para la\u00a0<b>Colonia de Vacaciones Municipal<\/b>, que se desarrollar\u00e1 en el Complejo de Piletas Municipales \u201cPedro Alberto Martinelli\u201d,\u00a0<b>ubicado en el Parque de Turismo Juan Domingo Per\u00f3n.<\/b><\/p>\n<p>Los interesados podr\u00e1n retirar la ficha de inscripci\u00f3n en el Polideportivo \u201cDiego Armando Maradona\u201d, en los horarios de\u00a0<b>8:00 a 12:00 y de 16:00 a 20:00 horas.<\/b><\/p>\n<p>La colonia cuenta con un\u00a0<b>cupo limitado de 300 alumnos<\/b>, por lo que se recomienda a las familias realizar el tr\u00e1mite con anticipaci\u00f3n.<\/p>\n<p>Desde el Municipio destacaron que esta propuesta tiene como objetivo brindar un espacio de\u00a0<b>recreaci\u00f3n, contenci\u00f3n y disfrute\u00a0<\/b>durante el per\u00edodo de vacaciones, promoviendo el deporte, la convivencia y el uso responsable de los espacios p\u00fablicos.<\/p>\n","protected":false},"excerpt":{"rendered":"<p>Interes general 15 de Diciembre de 2025 La Municipalidad de Paso de los Libres informa que ya se encuentra abierta la inscripci\u00f3n para la\u00a0Colonia de Vacaciones Municipal, que se desarrollar\u00e1 en el Complejo de Piletas Municipales \u201cPedro Alberto Martinelli\u201d,\u00a0ubicado en el Parque de Turismo Juan Domingo Per\u00f3n. Los interesados podr\u00e1n retirar la ficha de inscripci\u00f3n [&hellip;]<\/p>\n","protected":false},"author":2,"featured_media":4835,"comment_status":"open","ping_status":"open","sticky":false,"template":"","format":"standard","meta":{"footnotes":""},"categories":[77],"tags":[],"class_list":{"0":"post-4834","1":"post","2":"type-post","3":"status-publish","4":"format-standard","5":"has-post-thumbnail","7":"category-paso-de-los-libres"},"_links":{"self":[{"href":"https:\/\/elpueblonoticia.com.ar\/web\/wp-json\/wp\/v2\/posts\/4834","targetHints":{"allow":["GET"]}}],"collection":[{"href":"https:\/\/elpueblonoticia.com.ar\/web\/wp-json\/wp\/v2\/posts"}],"about":[{"href":"https:\/\/elpueblonoticia.com.ar\/web\/wp-json\/wp\/v2\/types\/post"}],"author":[{"embeddable":true,"href":"https:\/\/elpueblonoticia.com.ar\/web\/wp-json\/wp\/v2\/users\/2"}],"replies":[{"embeddable":true,"href":"https:\/\/elpueblonoticia.com.ar\/web\/wp-json\/wp\/v2\/comments?post=4834"}],"version-history":[{"count":1,"href":"https:\/\/elpueblonoticia.com.ar\/web\/wp-json\/wp\/v2\/posts\/4834\/revisions"}],"predecessor-version":[{"id":4836,"href":"https:\/\/elpueblonoticia.com.ar\/web\/wp-json\/wp\/v2\/posts\/4834\/revisions\/4836"}],"wp:featuredmedia":[{"embeddable":true,"href":"https:\/\/elpueblonoticia.com.ar\/web\/wp-json\/wp\/v2\/media\/4835"}],"wp:attachment":[{"href":"https:\/\/elpueblonoticia.com.ar\/web\/wp-json\/wp\/v2\/media?parent=4834"}],"wp:term":[{"taxonomy":"category","embeddable":true,"href":"https:\/\/elpueblonoticia.com.ar\/web\/wp-json\/wp\/v2\/categories?post=4834"},{"taxonomy":"post_tag","embeddable":true,"href":"https:\/\/elpueblonoticia.com.ar\/web\/wp-json\/wp\/v2\/tags?post=4834"}],"curies":[{"name":"wp","href":"https:\/\/api.w.org\/{rel}","templated":true}]}}