{"id":4831,"date":"2025-12-15T17:07:51","date_gmt":"2025-12-15T20:07:51","guid":{"rendered":"https:\/\/elpueblonoticia.com.ar\/web\/?p=4831"},"modified":"2025-12-15T17:07:51","modified_gmt":"2025-12-15T20:07:51","slug":"confirmados-los-funcionarios-del-gabinete-de-agustin-faraldo","status":"publish","type":"post","link":"https:\/\/elpueblonoticia.com.ar\/web\/2025\/12\/15\/confirmados-los-funcionarios-del-gabinete-de-agustin-faraldo\/","title":{"rendered":"CONFIRMADOS LOS FUNCIONARIOS DEL GABINETE DE AGUST\u00cdN FARALDO"},"content":{"rendered":"<p><strong>Politica<\/strong><\/p>\n<p>15 de Diciembre de 2025<\/p>\n<p>&nbsp;<\/p>\n<p>El gabinete est\u00e1 compuesto por diversas Secretar\u00edas, Direcciones, Departamentos y Coordinaciones de \u00e1reas, con los siguientes nombramientos:<\/p>\n<p>Dependientes del Intendente Agust\u00edn Faraldo<\/p>\n<p>Secretar\u00eda de Coordinaci\u00f3n y Planificaci\u00f3n: Jos\u00e9 Irineo Cendoya<br \/>\nSecretar\u00eda de Seguridad y Protecci\u00f3n Ciudadana: Gustavo Garc\u00eda<br \/>\nSecretar\u00eda Privada: Ra\u00fal Tarabini<br \/>\nAsesor\u00eda Letrada: Agustina Pardo<br \/>\nProcurador: German Romero<br \/>\nOficina de Cementerio: Lorena Salas<br \/>\nDirecci\u00f3n de Radio Municipal: Roberto Francisco Hantouche<br \/>\nDirecci\u00f3n de Prensa: Coordinadores Sebasti\u00e1n Mieres y Candela Niveiro<\/p>\n<p>Otras \u00e1reas y dependencias<\/p>\n<p>Secretar\u00eda de Gobierno: Santiago Rodr\u00edguez (con varias direcciones y departamentos a cargo)<br \/>\nSecretar\u00eda de Hacienda: Andr\u00e9s Gonz\u00e1lez (con direcciones contables y de ingresos p\u00fablicos)<br \/>\nSecretar\u00eda de Obras y Servicios P\u00fablicos: Nelson Schiro (con direcciones de obras y servicios)<br \/>\nSecretar\u00eda de Desarrollo Econ\u00f3mico: Rodrigo Loker (con direcciones de turismo, medio ambiente y producci\u00f3n)<br \/>\nSecretar\u00eda de Desarrollo Humano: Mat\u00edas G\u00f3mez Velasco (con direcciones de acci\u00f3n social, educaci\u00f3n y juventud)<br \/>\nSecretar\u00eda de Salud: Dra. Natalia Mira Gesto (con coordinaciones de CAPS y centros de salud)<\/p>\n<p>Ajustes por licencia de la vice-intendente<\/p>\n<p>La vice-intendente Ana Mi\u00f1o pidi\u00f3 licencia, por lo que las direcciones a su cargo (Participaci\u00f3n Ciudadana y Coordinaci\u00f3n de Intervenci\u00f3n Ciudadana) pasar\u00e1n a otra \u00f3rbita municipal.<\/p>\n<p>El gabinete est\u00e1 listo para comenzar a trabajar en la nueva gesti\u00f3n municipal de Paso de\u00a0los\u00a0Libres.<\/p>\n","protected":false},"excerpt":{"rendered":"<p>Politica 15 de Diciembre de 2025 &nbsp; El gabinete est\u00e1 compuesto por diversas Secretar\u00edas, Direcciones, Departamentos y Coordinaciones de \u00e1reas, con los siguientes nombramientos: Dependientes del Intendente Agust\u00edn Faraldo Secretar\u00eda de Coordinaci\u00f3n y Planificaci\u00f3n: Jos\u00e9 Irineo Cendoya Secretar\u00eda de Seguridad y Protecci\u00f3n Ciudadana: Gustavo Garc\u00eda Secretar\u00eda Privada: Ra\u00fal Tarabini Asesor\u00eda Letrada: Agustina Pardo Procurador: German [&hellip;]<\/p>\n","protected":false},"author":2,"featured_media":4832,"comment_status":"open","ping_status":"open","sticky":false,"template":"","format":"standard","meta":{"footnotes":""},"categories":[77],"tags":[],"class_list":{"0":"post-4831","1":"post","2":"type-post","3":"status-publish","4":"format-standard","5":"has-post-thumbnail","7":"category-paso-de-los-libres"},"_links":{"self":[{"href":"https:\/\/elpueblonoticia.com.ar\/web\/wp-json\/wp\/v2\/posts\/4831","targetHints":{"allow":["GET"]}}],"collection":[{"href":"https:\/\/elpueblonoticia.com.ar\/web\/wp-json\/wp\/v2\/posts"}],"about":[{"href":"https:\/\/elpueblonoticia.com.ar\/web\/wp-json\/wp\/v2\/types\/post"}],"author":[{"embeddable":true,"href":"https:\/\/elpueblonoticia.com.ar\/web\/wp-json\/wp\/v2\/users\/2"}],"replies":[{"embeddable":true,"href":"https:\/\/elpueblonoticia.com.ar\/web\/wp-json\/wp\/v2\/comments?post=4831"}],"version-history":[{"count":1,"href":"https:\/\/elpueblonoticia.com.ar\/web\/wp-json\/wp\/v2\/posts\/4831\/revisions"}],"predecessor-version":[{"id":4833,"href":"https:\/\/elpueblonoticia.com.ar\/web\/wp-json\/wp\/v2\/posts\/4831\/revisions\/4833"}],"wp:featuredmedia":[{"embeddable":true,"href":"https:\/\/elpueblonoticia.com.ar\/web\/wp-json\/wp\/v2\/media\/4832"}],"wp:attachment":[{"href":"https:\/\/elpueblonoticia.com.ar\/web\/wp-json\/wp\/v2\/media?parent=4831"}],"wp:term":[{"taxonomy":"category","embeddable":true,"href":"https:\/\/elpueblonoticia.com.ar\/web\/wp-json\/wp\/v2\/categories?post=4831"},{"taxonomy":"post_tag","embeddable":true,"href":"https:\/\/elpueblonoticia.com.ar\/web\/wp-json\/wp\/v2\/tags?post=4831"}],"curies":[{"name":"wp","href":"https:\/\/api.w.org\/{rel}","templated":true}]}}