{"id":4824,"date":"2025-12-15T11:50:40","date_gmt":"2025-12-15T14:50:40","guid":{"rendered":"https:\/\/elpueblonoticia.com.ar\/web\/?p=4824"},"modified":"2025-12-15T11:51:45","modified_gmt":"2025-12-15T14:51:45","slug":"vuelco-en-autovia-de-la-ruta-nacional-14-en-cercanias-a-paso-de-los-libres-imagenes","status":"publish","type":"post","link":"https:\/\/elpueblonoticia.com.ar\/web\/2025\/12\/15\/vuelco-en-autovia-de-la-ruta-nacional-14-en-cercanias-a-paso-de-los-libres-imagenes\/","title":{"rendered":"Vuelco en Autov\u00eda de la Ruta Nacional 14 en cercan\u00edas a Paso de los Libres"},"content":{"rendered":"<p><strong>Policiales<\/strong><\/p>\n<p>15 de Diciembre de 2025<\/p>\n<p>Ocurri\u00f3 esta ma\u00f1ana y mantiene interrumpido el tr\u00e1nsito vehicular en el carril afectado por el siniestro. Se trata de un cami\u00f3n que ten\u00eda como destino la ciudad fronteriza correntina de Paso de los Libres, llueve en toda esa zona.<\/p>\n<p>Un nuevo siniestro vial ocurri\u00f3 este lunes 15 de diciembre sobre un tramo de la autov\u00eda de la Ruta Nacional 14, un cami\u00f3n que se dirig\u00eda hacia Paso de los Libres, despist\u00f3 y volc\u00f3 en jurisdicci\u00f3n de Bonpland, tambi\u00e9n jurisdicci\u00f3n correntina.<\/p>\n<p>El tr\u00e1nsito, sobre el carril donde qued\u00f3 el transporte pesado siniestrado, qued\u00f3 interrumpido. En toda zona cercana al R\u00edo Uruguay, llueve desde la ma\u00f1ana de este lunes.<\/p>\n<p>Info en proceso<\/p>\n","protected":false},"excerpt":{"rendered":"<p>Policiales 15 de Diciembre de 2025 Ocurri\u00f3 esta ma\u00f1ana y mantiene interrumpido el tr\u00e1nsito vehicular en el carril afectado por el siniestro. Se trata de un cami\u00f3n que ten\u00eda como destino la ciudad fronteriza correntina de Paso de los Libres, llueve en toda esa zona. Un nuevo siniestro vial ocurri\u00f3 este lunes 15 de diciembre [&hellip;]<\/p>\n","protected":false},"author":2,"featured_media":4825,"comment_status":"open","ping_status":"open","sticky":false,"template":"","format":"standard","meta":{"footnotes":""},"categories":[77],"tags":[],"class_list":{"0":"post-4824","1":"post","2":"type-post","3":"status-publish","4":"format-standard","5":"has-post-thumbnail","7":"category-paso-de-los-libres"},"_links":{"self":[{"href":"https:\/\/elpueblonoticia.com.ar\/web\/wp-json\/wp\/v2\/posts\/4824","targetHints":{"allow":["GET"]}}],"collection":[{"href":"https:\/\/elpueblonoticia.com.ar\/web\/wp-json\/wp\/v2\/posts"}],"about":[{"href":"https:\/\/elpueblonoticia.com.ar\/web\/wp-json\/wp\/v2\/types\/post"}],"author":[{"embeddable":true,"href":"https:\/\/elpueblonoticia.com.ar\/web\/wp-json\/wp\/v2\/users\/2"}],"replies":[{"embeddable":true,"href":"https:\/\/elpueblonoticia.com.ar\/web\/wp-json\/wp\/v2\/comments?post=4824"}],"version-history":[{"count":2,"href":"https:\/\/elpueblonoticia.com.ar\/web\/wp-json\/wp\/v2\/posts\/4824\/revisions"}],"predecessor-version":[{"id":4827,"href":"https:\/\/elpueblonoticia.com.ar\/web\/wp-json\/wp\/v2\/posts\/4824\/revisions\/4827"}],"wp:featuredmedia":[{"embeddable":true,"href":"https:\/\/elpueblonoticia.com.ar\/web\/wp-json\/wp\/v2\/media\/4825"}],"wp:attachment":[{"href":"https:\/\/elpueblonoticia.com.ar\/web\/wp-json\/wp\/v2\/media?parent=4824"}],"wp:term":[{"taxonomy":"category","embeddable":true,"href":"https:\/\/elpueblonoticia.com.ar\/web\/wp-json\/wp\/v2\/categories?post=4824"},{"taxonomy":"post_tag","embeddable":true,"href":"https:\/\/elpueblonoticia.com.ar\/web\/wp-json\/wp\/v2\/tags?post=4824"}],"curies":[{"name":"wp","href":"https:\/\/api.w.org\/{rel}","templated":true}]}}