{"id":4821,"date":"2025-12-15T11:25:54","date_gmt":"2025-12-15T14:25:54","guid":{"rendered":"https:\/\/elpueblonoticia.com.ar\/web\/?p=4821"},"modified":"2025-12-15T11:25:54","modified_gmt":"2025-12-15T14:25:54","slug":"el-municipio-de-paso-de-los-libres-cuenta-con-un-call-center-de-atencion-al-vecino","status":"publish","type":"post","link":"https:\/\/elpueblonoticia.com.ar\/web\/2025\/12\/15\/el-municipio-de-paso-de-los-libres-cuenta-con-un-call-center-de-atencion-al-vecino\/","title":{"rendered":"El Municipio de Paso de los Libres cuenta con un Call Center de atenci\u00f3n al vecino"},"content":{"rendered":"<p><strong>Interes general<\/strong><\/p>\n<p>15 de Diciembre de 2025<\/p>\n<p data-olk-copy-source=\"MessageBody\">La Municipalidad de Paso de los Libres informa que se encuentra en funcionamiento el\u00a0<strong>Call Center Municipal<\/strong>, un canal de atenci\u00f3n destinado a facilitar la comunicaci\u00f3n directa entre los vecinos y el Municipio para la realizaci\u00f3n de consultas y la solicitud de distintos servicios.<\/p>\n<p>El\u00a0<strong>horario de atenci\u00f3n<\/strong>\u00a0es de\u00a0<strong>lunes a viernes, de 07:00 a 13:00 horas<\/strong>, y los vecinos pueden comunicarse al\u00a0<strong>tel\u00e9fono 3772 575346<\/strong>.<\/p>\n<p>A trav\u00e9s del Call Center Municipal, se pueden gestionar pedidos vinculados a:<\/p>\n<ul>\n<li>Limpieza y mantenimiento de calles<\/li>\n<li>Retiro de residuos y microbasurales<\/li>\n<li>Desmalezamiento<\/li>\n<li>Consultas generales sobre servicios municipales<\/li>\n<\/ul>\n<p>Desde el Municipio destacaron la importancia de este espacio como una herramienta que permite\u00a0<strong>optimizar la atenci\u00f3n, ordenar los pedidos y dar respuestas m\u00e1s \u00e1giles<\/strong>, fortaleciendo el v\u00ednculo con la comunidad.<\/p>\n","protected":false},"excerpt":{"rendered":"<p>Interes general 15 de Diciembre de 2025 La Municipalidad de Paso de los Libres informa que se encuentra en funcionamiento el\u00a0Call Center Municipal, un canal de atenci\u00f3n destinado a facilitar la comunicaci\u00f3n directa entre los vecinos y el Municipio para la realizaci\u00f3n de consultas y la solicitud de distintos servicios. El\u00a0horario de atenci\u00f3n\u00a0es de\u00a0lunes a [&hellip;]<\/p>\n","protected":false},"author":2,"featured_media":4822,"comment_status":"open","ping_status":"open","sticky":false,"template":"","format":"standard","meta":{"footnotes":""},"categories":[77],"tags":[],"class_list":{"0":"post-4821","1":"post","2":"type-post","3":"status-publish","4":"format-standard","5":"has-post-thumbnail","7":"category-paso-de-los-libres"},"_links":{"self":[{"href":"https:\/\/elpueblonoticia.com.ar\/web\/wp-json\/wp\/v2\/posts\/4821","targetHints":{"allow":["GET"]}}],"collection":[{"href":"https:\/\/elpueblonoticia.com.ar\/web\/wp-json\/wp\/v2\/posts"}],"about":[{"href":"https:\/\/elpueblonoticia.com.ar\/web\/wp-json\/wp\/v2\/types\/post"}],"author":[{"embeddable":true,"href":"https:\/\/elpueblonoticia.com.ar\/web\/wp-json\/wp\/v2\/users\/2"}],"replies":[{"embeddable":true,"href":"https:\/\/elpueblonoticia.com.ar\/web\/wp-json\/wp\/v2\/comments?post=4821"}],"version-history":[{"count":1,"href":"https:\/\/elpueblonoticia.com.ar\/web\/wp-json\/wp\/v2\/posts\/4821\/revisions"}],"predecessor-version":[{"id":4823,"href":"https:\/\/elpueblonoticia.com.ar\/web\/wp-json\/wp\/v2\/posts\/4821\/revisions\/4823"}],"wp:featuredmedia":[{"embeddable":true,"href":"https:\/\/elpueblonoticia.com.ar\/web\/wp-json\/wp\/v2\/media\/4822"}],"wp:attachment":[{"href":"https:\/\/elpueblonoticia.com.ar\/web\/wp-json\/wp\/v2\/media?parent=4821"}],"wp:term":[{"taxonomy":"category","embeddable":true,"href":"https:\/\/elpueblonoticia.com.ar\/web\/wp-json\/wp\/v2\/categories?post=4821"},{"taxonomy":"post_tag","embeddable":true,"href":"https:\/\/elpueblonoticia.com.ar\/web\/wp-json\/wp\/v2\/tags?post=4821"}],"curies":[{"name":"wp","href":"https:\/\/api.w.org\/{rel}","templated":true}]}}