{"id":4818,"date":"2025-12-15T11:21:58","date_gmt":"2025-12-15T14:21:58","guid":{"rendered":"https:\/\/elpueblonoticia.com.ar\/web\/?p=4818"},"modified":"2025-12-15T11:21:58","modified_gmt":"2025-12-15T14:21:58","slug":"se-lanza-oficialmente-el-carnaval-2026-en-paso-de-los-libres","status":"publish","type":"post","link":"https:\/\/elpueblonoticia.com.ar\/web\/2025\/12\/15\/se-lanza-oficialmente-el-carnaval-2026-en-paso-de-los-libres\/","title":{"rendered":"Se lanza oficialmente el Carnaval 2026 en Paso de los Libres"},"content":{"rendered":"<p><strong>Carnavales 2026<\/strong><\/p>\n<p>15 de Diciembre de 2025<\/p>\n<p data-olk-copy-source=\"MessageBody\">La Municipalidad de Paso de los Libres invita a la comunidad a participar del\u00a0<strong>Lanzamiento Oficial del Carnaval 2026<\/strong>, que se realizar\u00e1 el\u00a0<strong>s\u00e1bado 20 de diciembre<\/strong>, a partir de las\u00a0<strong>22:00 horas<\/strong>, en el\u00a0<strong>Anfiteatro \u201cCarlos Gomes\u201d<\/strong>, con\u00a0<strong>entrada libre y gratuita<\/strong>.<\/p>\n<p>Uno de los momentos centrales del evento ser\u00e1 el\u00a0<strong>sorteo del orden de desfile de las noches de carnaval<\/strong>, una instancia muy esperada por el p\u00fablico y las instituciones, que definir\u00e1 la organizaci\u00f3n del Carnaval 2026.<\/p>\n<p>Adem\u00e1s, el evento contar\u00e1 con la\u00a0<strong>despedida de la Corte del Carnaval 2025<\/strong>\u00a0y la\u00a0<strong>coronaci\u00f3n de la Corte del Carnaval 2026<\/strong>, junto a un\u00a0<strong>homenaje a un personaje destacado del carnaval libre\u00f1o<\/strong>, en reconocimiento a su aporte a esta expresi\u00f3n cultural tan representativa de la ciudad.<\/p>\n<p>La jornada se completar\u00e1 con una\u00a0<strong>presentaci\u00f3n conjunta de todas las comparsas<\/strong><strong>\u00a0(Carumb\u00e9, Zum Zum, Tradici\u00f3n y Linda Flor)<\/strong>, celebrando el esp\u00edritu del carnaval y el trabajo de cada instituci\u00f3n.<\/p>\n<p>Desde la organizaci\u00f3n se informa que el p\u00fablico\u00a0<strong>podr\u00e1 llevar silletas<\/strong>\u00a0para mayor comodidad y que habr\u00e1\u00a0<strong>servicio de cantina a cargo de las comparsas<\/strong>, acompa\u00f1ando el desarrollo del evento.<\/p>\n<p>El Municipio invita a vecinos y vecinas a ser parte de esta noche especial, pensada para disfrutar, compartir y comenzar a palpitar el\u00a0<strong>Carnaval de Paso de los Libres 2026<\/strong>.<\/p>\n","protected":false},"excerpt":{"rendered":"<p>Carnavales 2026 15 de Diciembre de 2025 La Municipalidad de Paso de los Libres invita a la comunidad a participar del\u00a0Lanzamiento Oficial del Carnaval 2026, que se realizar\u00e1 el\u00a0s\u00e1bado 20 de diciembre, a partir de las\u00a022:00 horas, en el\u00a0Anfiteatro \u201cCarlos Gomes\u201d, con\u00a0entrada libre y gratuita. Uno de los momentos centrales del evento ser\u00e1 el\u00a0sorteo del [&hellip;]<\/p>\n","protected":false},"author":2,"featured_media":4819,"comment_status":"open","ping_status":"open","sticky":false,"template":"","format":"standard","meta":{"footnotes":""},"categories":[77],"tags":[],"class_list":{"0":"post-4818","1":"post","2":"type-post","3":"status-publish","4":"format-standard","5":"has-post-thumbnail","7":"category-paso-de-los-libres"},"_links":{"self":[{"href":"https:\/\/elpueblonoticia.com.ar\/web\/wp-json\/wp\/v2\/posts\/4818","targetHints":{"allow":["GET"]}}],"collection":[{"href":"https:\/\/elpueblonoticia.com.ar\/web\/wp-json\/wp\/v2\/posts"}],"about":[{"href":"https:\/\/elpueblonoticia.com.ar\/web\/wp-json\/wp\/v2\/types\/post"}],"author":[{"embeddable":true,"href":"https:\/\/elpueblonoticia.com.ar\/web\/wp-json\/wp\/v2\/users\/2"}],"replies":[{"embeddable":true,"href":"https:\/\/elpueblonoticia.com.ar\/web\/wp-json\/wp\/v2\/comments?post=4818"}],"version-history":[{"count":1,"href":"https:\/\/elpueblonoticia.com.ar\/web\/wp-json\/wp\/v2\/posts\/4818\/revisions"}],"predecessor-version":[{"id":4820,"href":"https:\/\/elpueblonoticia.com.ar\/web\/wp-json\/wp\/v2\/posts\/4818\/revisions\/4820"}],"wp:featuredmedia":[{"embeddable":true,"href":"https:\/\/elpueblonoticia.com.ar\/web\/wp-json\/wp\/v2\/media\/4819"}],"wp:attachment":[{"href":"https:\/\/elpueblonoticia.com.ar\/web\/wp-json\/wp\/v2\/media?parent=4818"}],"wp:term":[{"taxonomy":"category","embeddable":true,"href":"https:\/\/elpueblonoticia.com.ar\/web\/wp-json\/wp\/v2\/categories?post=4818"},{"taxonomy":"post_tag","embeddable":true,"href":"https:\/\/elpueblonoticia.com.ar\/web\/wp-json\/wp\/v2\/tags?post=4818"}],"curies":[{"name":"wp","href":"https:\/\/api.w.org\/{rel}","templated":true}]}}