{"id":4813,"date":"2025-12-15T09:58:15","date_gmt":"2025-12-15T12:58:15","guid":{"rendered":"https:\/\/elpueblonoticia.com.ar\/web\/?p=4813"},"modified":"2025-12-15T09:58:15","modified_gmt":"2025-12-15T12:58:15","slug":"bono-navideno-para-estatales-correntinos-aun-en-estudio-y-en-municipios-dependera-de-los-intendentes","status":"publish","type":"post","link":"https:\/\/elpueblonoticia.com.ar\/web\/2025\/12\/15\/bono-navideno-para-estatales-correntinos-aun-en-estudio-y-en-municipios-dependera-de-los-intendentes\/","title":{"rendered":"Bono navide\u00f1o: para estatales correntinos a\u00fan en estudio y en municipios depender\u00e1 de los intendentes"},"content":{"rendered":"<p><strong>Economia<\/strong><\/p>\n<p>15 de Diciembre de 2025<\/p>\n<p>El gobernador de la provincia Juan Pablo Vald\u00e9s dijo que este lunes 15 de diciembre, que \u00e9sta o la otra semana, se sabr\u00e1 si sale o no el bono navide\u00f1o. Con respecto a la posibilidad de que empleados municipales, tambi\u00e9n tengan un extra para las fiestas, respondi\u00f3 que eso depende de cada municipio. Y asegur\u00f3 en ese sentido que \u201cla situaci\u00f3n no es f\u00e1cil\u201d, para algunos jefes comunales que asumieron la semana pasada.<\/p>\n<p>&#8220;Lo estamos trabajando, ya lo vamos a resolver en \u00e9sta semana o en el inicio de la pr\u00f3xima&#8221;, respondi\u00f3 el gobernador de la provincia esta ma\u00f1ana al ser consultado sobre el bono navide\u00f1o.<\/p>\n<p>Se trata de un pago extra especial por las fiestas de fin de a\u00f1o para estatales de la provincia (activos y pasivos), como ocurri\u00f3 en 2023 y 2024; en ambos a\u00f1os ese plus fue de $500.000 pagado en tres cuotas.<\/p>\n<p>Tambi\u00e9n el mandatario provincial se refiri\u00f3 a la posibilidad de que los empleados municipales de toda la provincia, puedan cobrar un bono navide\u00f1o, dijo que eso depende de cada intendente. Y admiti\u00f3 que \u201cla situaci\u00f3n no es f\u00e1cil\u201d en algunos municipios.<\/p>\n<p>&nbsp;<\/p>\n<p>El Jefe de Estado provincial inform\u00f3 adem\u00e1s que en la jornada de hoy se reunir\u00e1 varias veces con el equipo econ\u00f3mico, del ministerio de Hacienda y Finanzas.<\/p>\n","protected":false},"excerpt":{"rendered":"<p>Economia 15 de Diciembre de 2025 El gobernador de la provincia Juan Pablo Vald\u00e9s dijo que este lunes 15 de diciembre, que \u00e9sta o la otra semana, se sabr\u00e1 si sale o no el bono navide\u00f1o. Con respecto a la posibilidad de que empleados municipales, tambi\u00e9n tengan un extra para las fiestas, respondi\u00f3 que eso [&hellip;]<\/p>\n","protected":false},"author":2,"featured_media":4786,"comment_status":"open","ping_status":"open","sticky":false,"template":"","format":"standard","meta":{"footnotes":""},"categories":[72],"tags":[],"class_list":{"0":"post-4813","1":"post","2":"type-post","3":"status-publish","4":"format-standard","5":"has-post-thumbnail","7":"category-provinciales"},"_links":{"self":[{"href":"https:\/\/elpueblonoticia.com.ar\/web\/wp-json\/wp\/v2\/posts\/4813","targetHints":{"allow":["GET"]}}],"collection":[{"href":"https:\/\/elpueblonoticia.com.ar\/web\/wp-json\/wp\/v2\/posts"}],"about":[{"href":"https:\/\/elpueblonoticia.com.ar\/web\/wp-json\/wp\/v2\/types\/post"}],"author":[{"embeddable":true,"href":"https:\/\/elpueblonoticia.com.ar\/web\/wp-json\/wp\/v2\/users\/2"}],"replies":[{"embeddable":true,"href":"https:\/\/elpueblonoticia.com.ar\/web\/wp-json\/wp\/v2\/comments?post=4813"}],"version-history":[{"count":1,"href":"https:\/\/elpueblonoticia.com.ar\/web\/wp-json\/wp\/v2\/posts\/4813\/revisions"}],"predecessor-version":[{"id":4814,"href":"https:\/\/elpueblonoticia.com.ar\/web\/wp-json\/wp\/v2\/posts\/4813\/revisions\/4814"}],"wp:featuredmedia":[{"embeddable":true,"href":"https:\/\/elpueblonoticia.com.ar\/web\/wp-json\/wp\/v2\/media\/4786"}],"wp:attachment":[{"href":"https:\/\/elpueblonoticia.com.ar\/web\/wp-json\/wp\/v2\/media?parent=4813"}],"wp:term":[{"taxonomy":"category","embeddable":true,"href":"https:\/\/elpueblonoticia.com.ar\/web\/wp-json\/wp\/v2\/categories?post=4813"},{"taxonomy":"post_tag","embeddable":true,"href":"https:\/\/elpueblonoticia.com.ar\/web\/wp-json\/wp\/v2\/tags?post=4813"}],"curies":[{"name":"wp","href":"https:\/\/api.w.org\/{rel}","templated":true}]}}