{"id":4810,"date":"2025-12-15T06:54:49","date_gmt":"2025-12-15T09:54:49","guid":{"rendered":"https:\/\/elpueblonoticia.com.ar\/web\/?p=4810"},"modified":"2025-12-15T06:54:49","modified_gmt":"2025-12-15T09:54:49","slug":"se-realizo-la-entrega-de-premios-del-futbol-infantil","status":"publish","type":"post","link":"https:\/\/elpueblonoticia.com.ar\/web\/2025\/12\/15\/se-realizo-la-entrega-de-premios-del-futbol-infantil\/","title":{"rendered":"SE REALIZ\u00d3 LA ENTREGA DE PREMIOS DEL F\u00daTBOL INFANTIL"},"content":{"rendered":"<p><strong>Deporte<\/strong><\/p>\n<p>15 de Diciembre de 2025<\/p>\n<p data-olk-copy-source=\"MessageBody\">La Municipalidad de Paso de los Libres informa que\u00a0<strong>se llev\u00f3 a cabo la entrega de premios del F\u00fatbol Infantil<\/strong>, en el predio de F\u00fatbol Infantil de la ciudad, con una amplia participaci\u00f3n de ni\u00f1os, familias y la comunidad deportiva.<\/p>\n<p>El evento reuni\u00f3 a\u00a0<strong>todas las categor\u00edas<\/strong>, con la presencia de alrededor de\u00a0<strong>400 ni\u00f1os<\/strong>, y se desarroll\u00f3 en la\u00a0<strong>cancha principal<\/strong>, recientemente iluminada por el ex gobernador Gustavo Vald\u00e9s. Se trata de un espacio renovado y muy esperado por el deporte local.<\/p>\n<p>De la jornada participaron el\u00a0<strong>intendente Agust\u00edn Faraldo<\/strong>, la\u00a0<strong>ministra de Educaci\u00f3n de la provincia, Ana Mi\u00f1o<\/strong>, el\u00a0<strong>secretario de Gobierno, Santiago Rodr\u00edguez<\/strong>, el Jefe de la Secretar\u00eda Privada,\u00a0<strong>Ra\u00fal Tarabini<\/strong>, adem\u00e1s de concejales y miembros del Gabinete Municipal, acompa\u00f1ando a los chicos y a sus familias en este cierre de temporada.<\/p>\n<p>Desde el Municipio se destac\u00f3 la importancia del deporte infantil como espacio de formaci\u00f3n, inclusi\u00f3n y encuentro, reafirmando el compromiso de seguir acompa\u00f1ando y fortaleciendo estas actividades que promueven valores y el desarrollo integral de los ni\u00f1os.<\/p>\n","protected":false},"excerpt":{"rendered":"<p>Deporte 15 de Diciembre de 2025 La Municipalidad de Paso de los Libres informa que\u00a0se llev\u00f3 a cabo la entrega de premios del F\u00fatbol Infantil, en el predio de F\u00fatbol Infantil de la ciudad, con una amplia participaci\u00f3n de ni\u00f1os, familias y la comunidad deportiva. El evento reuni\u00f3 a\u00a0todas las categor\u00edas, con la presencia de [&hellip;]<\/p>\n","protected":false},"author":2,"featured_media":4811,"comment_status":"open","ping_status":"open","sticky":false,"template":"","format":"standard","meta":{"footnotes":""},"categories":[77],"tags":[],"class_list":{"0":"post-4810","1":"post","2":"type-post","3":"status-publish","4":"format-standard","5":"has-post-thumbnail","7":"category-paso-de-los-libres"},"_links":{"self":[{"href":"https:\/\/elpueblonoticia.com.ar\/web\/wp-json\/wp\/v2\/posts\/4810","targetHints":{"allow":["GET"]}}],"collection":[{"href":"https:\/\/elpueblonoticia.com.ar\/web\/wp-json\/wp\/v2\/posts"}],"about":[{"href":"https:\/\/elpueblonoticia.com.ar\/web\/wp-json\/wp\/v2\/types\/post"}],"author":[{"embeddable":true,"href":"https:\/\/elpueblonoticia.com.ar\/web\/wp-json\/wp\/v2\/users\/2"}],"replies":[{"embeddable":true,"href":"https:\/\/elpueblonoticia.com.ar\/web\/wp-json\/wp\/v2\/comments?post=4810"}],"version-history":[{"count":1,"href":"https:\/\/elpueblonoticia.com.ar\/web\/wp-json\/wp\/v2\/posts\/4810\/revisions"}],"predecessor-version":[{"id":4812,"href":"https:\/\/elpueblonoticia.com.ar\/web\/wp-json\/wp\/v2\/posts\/4810\/revisions\/4812"}],"wp:featuredmedia":[{"embeddable":true,"href":"https:\/\/elpueblonoticia.com.ar\/web\/wp-json\/wp\/v2\/media\/4811"}],"wp:attachment":[{"href":"https:\/\/elpueblonoticia.com.ar\/web\/wp-json\/wp\/v2\/media?parent=4810"}],"wp:term":[{"taxonomy":"category","embeddable":true,"href":"https:\/\/elpueblonoticia.com.ar\/web\/wp-json\/wp\/v2\/categories?post=4810"},{"taxonomy":"post_tag","embeddable":true,"href":"https:\/\/elpueblonoticia.com.ar\/web\/wp-json\/wp\/v2\/tags?post=4810"}],"curies":[{"name":"wp","href":"https:\/\/api.w.org\/{rel}","templated":true}]}}