{"id":4802,"date":"2025-12-13T13:34:10","date_gmt":"2025-12-13T16:34:10","guid":{"rendered":"https:\/\/elpueblonoticia.com.ar\/web\/?p=4802"},"modified":"2025-12-13T13:34:10","modified_gmt":"2025-12-13T16:34:10","slug":"el-municipio-dio-inicio-a-la-temporada-de-piletas","status":"publish","type":"post","link":"https:\/\/elpueblonoticia.com.ar\/web\/2025\/12\/13\/el-municipio-dio-inicio-a-la-temporada-de-piletas\/","title":{"rendered":"EL MUNICIPIO DIO INICIO A LA TEMPORADA DE PILETAS"},"content":{"rendered":"<p><strong>Interes general<\/strong><\/p>\n<p>13 de Diciembre de 2025<\/p>\n<p>Durante la ma\u00f1ana de este s\u00e1bado se realiz\u00f3 el acto de apertura del\u00a0<b>Complejo de Piletas Municipales\u00a0<i>\u201cPedro Alberto Martinelli\u201d<\/i>,<\/b>\u00a0ubicado en el Parque de Turismo Juan Domingo Per\u00f3n, encabezado por el intendente de Paso de los Libres, Agust\u00edn Faraldo.<\/p>\n<p><img loading=\"lazy\" decoding=\"async\" class=\"alignnone size-medium wp-image-4804\" src=\"https:\/\/elpueblonoticia.com.ar\/web\/wp-content\/uploads\/2025\/12\/WhatsApp-Image-2025-12-13-at-12.30.42-1-300x169.jpeg\" alt=\"\" width=\"300\" height=\"169\" srcset=\"https:\/\/elpueblonoticia.com.ar\/web\/wp-content\/uploads\/2025\/12\/WhatsApp-Image-2025-12-13-at-12.30.42-1-300x169.jpeg 300w, https:\/\/elpueblonoticia.com.ar\/web\/wp-content\/uploads\/2025\/12\/WhatsApp-Image-2025-12-13-at-12.30.42-1-1024x576.jpeg 1024w, https:\/\/elpueblonoticia.com.ar\/web\/wp-content\/uploads\/2025\/12\/WhatsApp-Image-2025-12-13-at-12.30.42-1-768x432.jpeg 768w, https:\/\/elpueblonoticia.com.ar\/web\/wp-content\/uploads\/2025\/12\/WhatsApp-Image-2025-12-13-at-12.30.42-1-747x420.jpeg 747w, https:\/\/elpueblonoticia.com.ar\/web\/wp-content\/uploads\/2025\/12\/WhatsApp-Image-2025-12-13-at-12.30.42-1-696x392.jpeg 696w, https:\/\/elpueblonoticia.com.ar\/web\/wp-content\/uploads\/2025\/12\/WhatsApp-Image-2025-12-13-at-12.30.42-1-1068x601.jpeg 1068w, https:\/\/elpueblonoticia.com.ar\/web\/wp-content\/uploads\/2025\/12\/WhatsApp-Image-2025-12-13-at-12.30.42-1.jpeg 1280w\" sizes=\"auto, (max-width: 300px) 100vw, 300px\" \/><\/p>\n<p>La jornada cont\u00f3 con la participaci\u00f3n especial de ni\u00f1os, j\u00f3venes y personas que realizan actividades en el Polideportivo\u00a0<i>Diego Armando Maradona<\/i>, quienes fueron invitados a compartir el inicio de esta nueva etapa del complejo. Del acto participaron los secretarios municipales, integrantes del concejo deliberante y la ministra de Educaci\u00f3n, Ana Mi\u00f1o.<\/p>\n<div>\n<p>Durante su discurso, el intendente\u00a0<strong>Agust\u00edn Faraldo<\/strong>\u00a0expres\u00f3 que en Paso de los Libres\u00a0<em>\u201ces posible potenciar el deporte\u201d<\/em>\u00a0y remarc\u00f3 que ese es uno de los objetivos centrales a llevar a cabo. Se\u00f1al\u00f3 adem\u00e1s que la puesta en marcha de las piletas municipales representa\u00a0<em>\u201cuna parte fundamental en el comienzo de esta gesti\u00f3n\u201d<\/em>.<\/p>\n<p>Faraldo destac\u00f3 que el complejo est\u00e1 pensado para todos los vecinos libre\u00f1os, e invit\u00f3 a la comunidad a\u00a0<strong>disfrutarlo y cuidarlo<\/strong>, para que pueda ser un espacio de recreaci\u00f3n y encuentro durante toda la temporada.<\/p>\n<p>Por otro lado, el director de Deportes, Gonzalo Loker, expres\u00f3 su entusiasmo por la apertura y agradeci\u00f3 a todas las personas que hicieron posible la puesta en funcionamiento del espacio, destacando el acompa\u00f1amiento del intendente Agust\u00edn Faraldo.<\/p>\n<p>Vale aclarar que el complejo estar\u00e1\u00a0<strong>abierto al p\u00fablico a partir de ma\u00f1ana<\/strong>, domingo 14 de diciembre, en el horario de\u00a0<strong>14:00 a 20:00<\/strong>.<\/div>\n<div>\nDesde el Municipio se destac\u00f3 la importancia de contar con espacios p\u00fablicos que promuevan el deporte, la recreaci\u00f3n y el encuentro comunitario.<\/div>\n<div><img loading=\"lazy\" decoding=\"async\" class=\"alignnone size-medium wp-image-4803\" src=\"https:\/\/elpueblonoticia.com.ar\/web\/wp-content\/uploads\/2025\/12\/WhatsApp-Image-2025-12-13-at-12.30.41-300x169.jpeg\" alt=\"\" width=\"300\" height=\"169\" srcset=\"https:\/\/elpueblonoticia.com.ar\/web\/wp-content\/uploads\/2025\/12\/WhatsApp-Image-2025-12-13-at-12.30.41-300x169.jpeg 300w, https:\/\/elpueblonoticia.com.ar\/web\/wp-content\/uploads\/2025\/12\/WhatsApp-Image-2025-12-13-at-12.30.41-1024x576.jpeg 1024w, https:\/\/elpueblonoticia.com.ar\/web\/wp-content\/uploads\/2025\/12\/WhatsApp-Image-2025-12-13-at-12.30.41-768x432.jpeg 768w, https:\/\/elpueblonoticia.com.ar\/web\/wp-content\/uploads\/2025\/12\/WhatsApp-Image-2025-12-13-at-12.30.41-747x420.jpeg 747w, https:\/\/elpueblonoticia.com.ar\/web\/wp-content\/uploads\/2025\/12\/WhatsApp-Image-2025-12-13-at-12.30.41-696x392.jpeg 696w, https:\/\/elpueblonoticia.com.ar\/web\/wp-content\/uploads\/2025\/12\/WhatsApp-Image-2025-12-13-at-12.30.41-1068x601.jpeg 1068w, https:\/\/elpueblonoticia.com.ar\/web\/wp-content\/uploads\/2025\/12\/WhatsApp-Image-2025-12-13-at-12.30.41.jpeg 1280w\" sizes=\"auto, (max-width: 300px) 100vw, 300px\" \/> <img loading=\"lazy\" decoding=\"async\" class=\"alignnone size-medium wp-image-4805\" src=\"https:\/\/elpueblonoticia.com.ar\/web\/wp-content\/uploads\/2025\/12\/WhatsApp-Image-2025-12-13-at-12.30.42-300x169.jpeg\" alt=\"\" width=\"300\" height=\"169\" srcset=\"https:\/\/elpueblonoticia.com.ar\/web\/wp-content\/uploads\/2025\/12\/WhatsApp-Image-2025-12-13-at-12.30.42-300x169.jpeg 300w, https:\/\/elpueblonoticia.com.ar\/web\/wp-content\/uploads\/2025\/12\/WhatsApp-Image-2025-12-13-at-12.30.42-1024x576.jpeg 1024w, https:\/\/elpueblonoticia.com.ar\/web\/wp-content\/uploads\/2025\/12\/WhatsApp-Image-2025-12-13-at-12.30.42-768x432.jpeg 768w, https:\/\/elpueblonoticia.com.ar\/web\/wp-content\/uploads\/2025\/12\/WhatsApp-Image-2025-12-13-at-12.30.42-747x420.jpeg 747w, https:\/\/elpueblonoticia.com.ar\/web\/wp-content\/uploads\/2025\/12\/WhatsApp-Image-2025-12-13-at-12.30.42-696x392.jpeg 696w, https:\/\/elpueblonoticia.com.ar\/web\/wp-content\/uploads\/2025\/12\/WhatsApp-Image-2025-12-13-at-12.30.42-1068x601.jpeg 1068w, https:\/\/elpueblonoticia.com.ar\/web\/wp-content\/uploads\/2025\/12\/WhatsApp-Image-2025-12-13-at-12.30.42.jpeg 1280w\" sizes=\"auto, (max-width: 300px) 100vw, 300px\" \/><\/div>\n","protected":false},"excerpt":{"rendered":"<p>Interes general 13 de Diciembre de 2025 Durante la ma\u00f1ana de este s\u00e1bado se realiz\u00f3 el acto de apertura del\u00a0Complejo de Piletas Municipales\u00a0\u201cPedro Alberto Martinelli\u201d,\u00a0ubicado en el Parque de Turismo Juan Domingo Per\u00f3n, encabezado por el intendente de Paso de los Libres, Agust\u00edn Faraldo. La jornada cont\u00f3 con la participaci\u00f3n especial de ni\u00f1os, j\u00f3venes y [&hellip;]<\/p>\n","protected":false},"author":2,"featured_media":4806,"comment_status":"open","ping_status":"open","sticky":false,"template":"","format":"standard","meta":{"footnotes":""},"categories":[77],"tags":[],"class_list":{"0":"post-4802","1":"post","2":"type-post","3":"status-publish","4":"format-standard","5":"has-post-thumbnail","7":"category-paso-de-los-libres"},"_links":{"self":[{"href":"https:\/\/elpueblonoticia.com.ar\/web\/wp-json\/wp\/v2\/posts\/4802","targetHints":{"allow":["GET"]}}],"collection":[{"href":"https:\/\/elpueblonoticia.com.ar\/web\/wp-json\/wp\/v2\/posts"}],"about":[{"href":"https:\/\/elpueblonoticia.com.ar\/web\/wp-json\/wp\/v2\/types\/post"}],"author":[{"embeddable":true,"href":"https:\/\/elpueblonoticia.com.ar\/web\/wp-json\/wp\/v2\/users\/2"}],"replies":[{"embeddable":true,"href":"https:\/\/elpueblonoticia.com.ar\/web\/wp-json\/wp\/v2\/comments?post=4802"}],"version-history":[{"count":1,"href":"https:\/\/elpueblonoticia.com.ar\/web\/wp-json\/wp\/v2\/posts\/4802\/revisions"}],"predecessor-version":[{"id":4807,"href":"https:\/\/elpueblonoticia.com.ar\/web\/wp-json\/wp\/v2\/posts\/4802\/revisions\/4807"}],"wp:featuredmedia":[{"embeddable":true,"href":"https:\/\/elpueblonoticia.com.ar\/web\/wp-json\/wp\/v2\/media\/4806"}],"wp:attachment":[{"href":"https:\/\/elpueblonoticia.com.ar\/web\/wp-json\/wp\/v2\/media?parent=4802"}],"wp:term":[{"taxonomy":"category","embeddable":true,"href":"https:\/\/elpueblonoticia.com.ar\/web\/wp-json\/wp\/v2\/categories?post=4802"},{"taxonomy":"post_tag","embeddable":true,"href":"https:\/\/elpueblonoticia.com.ar\/web\/wp-json\/wp\/v2\/tags?post=4802"}],"curies":[{"name":"wp","href":"https:\/\/api.w.org\/{rel}","templated":true}]}}