{"id":4797,"date":"2025-12-13T11:46:24","date_gmt":"2025-12-13T14:46:24","guid":{"rendered":"https:\/\/elpueblonoticia.com.ar\/web\/?p=4797"},"modified":"2025-12-13T11:46:24","modified_gmt":"2025-12-13T14:46:24","slug":"primera-reunion-de-gabinete-de-faraldo","status":"publish","type":"post","link":"https:\/\/elpueblonoticia.com.ar\/web\/2025\/12\/13\/primera-reunion-de-gabinete-de-faraldo\/","title":{"rendered":"PRIMERA REUNI\u00d3N DE GABINETE DE FARALDO"},"content":{"rendered":"<p><strong>Municipales<\/strong><\/p>\n<p>Sabado 13 de Diciembre de 2025<\/p>\n<p dir=\"auto\" data-olk-copy-source=\"MessageBody\">El intendente de Paso de los Libres, Agust\u00edn Faraldo, encabez\u00f3 la primera reuni\u00f3n de gabinete junto a los secretarios municipales, con el objetivo de analizar las condiciones en las que fue recibida cada \u00e1rea al inicio de la gesti\u00f3n.<\/p>\n<p dir=\"auto\" data-olk-copy-source=\"MessageBody\"><img loading=\"lazy\" decoding=\"async\" class=\"alignnone size-medium wp-image-4800\" src=\"https:\/\/elpueblonoticia.com.ar\/web\/wp-content\/uploads\/2025\/12\/IMG_1565-300x225.jpeg\" alt=\"\" width=\"300\" height=\"225\" srcset=\"https:\/\/elpueblonoticia.com.ar\/web\/wp-content\/uploads\/2025\/12\/IMG_1565-300x225.jpeg 300w, https:\/\/elpueblonoticia.com.ar\/web\/wp-content\/uploads\/2025\/12\/IMG_1565-1024x768.jpeg 1024w, https:\/\/elpueblonoticia.com.ar\/web\/wp-content\/uploads\/2025\/12\/IMG_1565-768x576.jpeg 768w, https:\/\/elpueblonoticia.com.ar\/web\/wp-content\/uploads\/2025\/12\/IMG_1565-1536x1152.jpeg 1536w, https:\/\/elpueblonoticia.com.ar\/web\/wp-content\/uploads\/2025\/12\/IMG_1565-2048x1536.jpeg 2048w, https:\/\/elpueblonoticia.com.ar\/web\/wp-content\/uploads\/2025\/12\/IMG_1565-560x420.jpeg 560w, https:\/\/elpueblonoticia.com.ar\/web\/wp-content\/uploads\/2025\/12\/IMG_1565-80x60.jpeg 80w, https:\/\/elpueblonoticia.com.ar\/web\/wp-content\/uploads\/2025\/12\/IMG_1565-696x522.jpeg 696w, https:\/\/elpueblonoticia.com.ar\/web\/wp-content\/uploads\/2025\/12\/IMG_1565-1068x801.jpeg 1068w, https:\/\/elpueblonoticia.com.ar\/web\/wp-content\/uploads\/2025\/12\/IMG_1565-265x198.jpeg 265w\" sizes=\"auto, (max-width: 300px) 100vw, 300px\" \/><\/p>\n<p dir=\"auto\">Durante el encuentro, se expusieron las principales necesidades, pedidos y diagn\u00f3sticos de cada secretar\u00eda, generando una puesta en com\u00fan para ordenar prioridades y coordinar el trabajo de manera integral.<\/p>\n<p dir=\"auto\">Faraldo destac\u00f3 la importancia de trabajar en equipo, fortalecer el di\u00e1logo entre las \u00e1reas y sostener una gesti\u00f3n articulada, orientada a dar respuestas concretas a las demandas de la comunidad.<\/p>\n<p>La reuni\u00f3n permiti\u00f3 avanzar en una mirada conjunta sobre la situaci\u00f3n actual del Municipio y reafirmar el compromiso de una gesti\u00f3n organizada, responsable y cercana a los vecinos.<\/p>\n<p><img loading=\"lazy\" decoding=\"async\" class=\"alignnone size-medium wp-image-4799\" src=\"https:\/\/elpueblonoticia.com.ar\/web\/wp-content\/uploads\/2025\/12\/IMG_1563-300x225.jpeg\" alt=\"\" width=\"300\" height=\"225\" srcset=\"https:\/\/elpueblonoticia.com.ar\/web\/wp-content\/uploads\/2025\/12\/IMG_1563-300x225.jpeg 300w, https:\/\/elpueblonoticia.com.ar\/web\/wp-content\/uploads\/2025\/12\/IMG_1563-1024x768.jpeg 1024w, https:\/\/elpueblonoticia.com.ar\/web\/wp-content\/uploads\/2025\/12\/IMG_1563-768x576.jpeg 768w, https:\/\/elpueblonoticia.com.ar\/web\/wp-content\/uploads\/2025\/12\/IMG_1563-1536x1152.jpeg 1536w, https:\/\/elpueblonoticia.com.ar\/web\/wp-content\/uploads\/2025\/12\/IMG_1563-2048x1536.jpeg 2048w, https:\/\/elpueblonoticia.com.ar\/web\/wp-content\/uploads\/2025\/12\/IMG_1563-560x420.jpeg 560w, https:\/\/elpueblonoticia.com.ar\/web\/wp-content\/uploads\/2025\/12\/IMG_1563-80x60.jpeg 80w, https:\/\/elpueblonoticia.com.ar\/web\/wp-content\/uploads\/2025\/12\/IMG_1563-696x522.jpeg 696w, https:\/\/elpueblonoticia.com.ar\/web\/wp-content\/uploads\/2025\/12\/IMG_1563-1068x801.jpeg 1068w, https:\/\/elpueblonoticia.com.ar\/web\/wp-content\/uploads\/2025\/12\/IMG_1563-265x198.jpeg 265w\" sizes=\"auto, (max-width: 300px) 100vw, 300px\" \/><\/p>\n","protected":false},"excerpt":{"rendered":"<p>Municipales Sabado 13 de Diciembre de 2025 El intendente de Paso de los Libres, Agust\u00edn Faraldo, encabez\u00f3 la primera reuni\u00f3n de gabinete junto a los secretarios municipales, con el objetivo de analizar las condiciones en las que fue recibida cada \u00e1rea al inicio de la gesti\u00f3n. Durante el encuentro, se expusieron las principales necesidades, pedidos [&hellip;]<\/p>\n","protected":false},"author":2,"featured_media":4798,"comment_status":"open","ping_status":"open","sticky":false,"template":"","format":"standard","meta":{"footnotes":""},"categories":[77],"tags":[],"class_list":{"0":"post-4797","1":"post","2":"type-post","3":"status-publish","4":"format-standard","5":"has-post-thumbnail","7":"category-paso-de-los-libres"},"_links":{"self":[{"href":"https:\/\/elpueblonoticia.com.ar\/web\/wp-json\/wp\/v2\/posts\/4797","targetHints":{"allow":["GET"]}}],"collection":[{"href":"https:\/\/elpueblonoticia.com.ar\/web\/wp-json\/wp\/v2\/posts"}],"about":[{"href":"https:\/\/elpueblonoticia.com.ar\/web\/wp-json\/wp\/v2\/types\/post"}],"author":[{"embeddable":true,"href":"https:\/\/elpueblonoticia.com.ar\/web\/wp-json\/wp\/v2\/users\/2"}],"replies":[{"embeddable":true,"href":"https:\/\/elpueblonoticia.com.ar\/web\/wp-json\/wp\/v2\/comments?post=4797"}],"version-history":[{"count":1,"href":"https:\/\/elpueblonoticia.com.ar\/web\/wp-json\/wp\/v2\/posts\/4797\/revisions"}],"predecessor-version":[{"id":4801,"href":"https:\/\/elpueblonoticia.com.ar\/web\/wp-json\/wp\/v2\/posts\/4797\/revisions\/4801"}],"wp:featuredmedia":[{"embeddable":true,"href":"https:\/\/elpueblonoticia.com.ar\/web\/wp-json\/wp\/v2\/media\/4798"}],"wp:attachment":[{"href":"https:\/\/elpueblonoticia.com.ar\/web\/wp-json\/wp\/v2\/media?parent=4797"}],"wp:term":[{"taxonomy":"category","embeddable":true,"href":"https:\/\/elpueblonoticia.com.ar\/web\/wp-json\/wp\/v2\/categories?post=4797"},{"taxonomy":"post_tag","embeddable":true,"href":"https:\/\/elpueblonoticia.com.ar\/web\/wp-json\/wp\/v2\/tags?post=4797"}],"curies":[{"name":"wp","href":"https:\/\/api.w.org\/{rel}","templated":true}]}}