{"id":4794,"date":"2025-12-12T22:24:16","date_gmt":"2025-12-13T01:24:16","guid":{"rendered":"https:\/\/elpueblonoticia.com.ar\/web\/?p=4794"},"modified":"2025-12-12T22:24:16","modified_gmt":"2025-12-13T01:24:16","slug":"colonia-carlos-pellegrini-en-riesgo-un-fallo-judicial-abre-la-puerta-a-posibles-desalojos-en-el-ibera","status":"publish","type":"post","link":"https:\/\/elpueblonoticia.com.ar\/web\/2025\/12\/12\/colonia-carlos-pellegrini-en-riesgo-un-fallo-judicial-abre-la-puerta-a-posibles-desalojos-en-el-ibera\/","title":{"rendered":"Colonia Carlos Pellegrini en riesgo: un fallo judicial abre la puerta a posibles desalojos en el Iber\u00e1"},"content":{"rendered":"<p><strong>Interes general<\/strong><\/p>\n<p>Viernes 12 de Diciembre de 2025<\/p>\n<p>La localidad correntina de\u00a0<strong>Colonia Carlos Pellegrini<\/strong>, principal portal de acceso a los Esteros del Iber\u00e1, atraviesa uno de los momentos m\u00e1s delicados de su historia institucional y social. Un\u00a0<strong>fallo judicial firme<\/strong>, confirmado en todas las instancias, reconoci\u00f3 la titularidad de gran parte del ejido urbano a herederos privados, situaci\u00f3n que podr\u00eda derivar en\u00a0<strong>desalojos masivos<\/strong>\u00a0si no media una soluci\u00f3n pol\u00edtica urgente.<\/p>\n<p>El conflicto judicial se extendi\u00f3 por m\u00e1s de diez a\u00f1os y enfrent\u00f3 a\u00a0<strong>cientos de familias<\/strong>, emprendedores tur\u00edsticos y al propio Municipio contra los herederos de una antigua escritura. La disputa abarca entre\u00a0<strong>160 y 182 lotes<\/strong>, lo que representa casi la totalidad del casco urbano del pueblo, incluyendo viviendas familiares, emprendimientos tur\u00edsticos, espacios p\u00fablicos y edificios municipales.<\/p>\n<p>Seg\u00fan el historial del caso, las tierras habr\u00edan sido adquiridas en la d\u00e9cada del \u201970 por el empresario misionero\u00a0<strong>Roberto Sniechowski<\/strong>, mediante una operaci\u00f3n con herederos de la familia Torrent. Sin embargo, la falta de perfeccionamiento dominial en aquel entonces gener\u00f3 un vac\u00edo legal que se agrav\u00f3 con el crecimiento poblacional y el desarrollo tur\u00edstico sostenido de la zona.<\/p>\n<p>Hace aproximadamente 12 a\u00f1os, los herederos Sniechowski iniciaron acciones legales para obtener la escrituraci\u00f3n definitiva de los terrenos. Los ocupantes, en tanto, sostuvieron su derecho mediante la\u00a0<strong>prescripci\u00f3n adquisitiva<\/strong>\u00a0(usucapi\u00f3n), argumentando una posesi\u00f3n pac\u00edfica, p\u00fablica y continua durante m\u00e1s de dos d\u00e9cadas.<\/p>\n<p>No obstante, el proceso judicial tom\u00f3 un giro decisivo tras lo que en \u00e1mbitos judiciales se calific\u00f3 como un\u00a0<strong>grave error procesal<\/strong>\u00a0por parte de la representaci\u00f3n legal de los pobladores o del Municipio, que habr\u00eda omitido la presentaci\u00f3n de un escrito clave en una instancia determinante. Esta situaci\u00f3n dej\u00f3 sin margen de maniobra a la defensa y condicion\u00f3 el desenlace del litigio.<\/p>\n<p>Mediante la\u00a0<strong>Sentencia N\u00ba 91\/24<\/strong>, el\u00a0<strong>Superior Tribunal de Justicia de Corrientes<\/strong>\u00a0reconoci\u00f3 por unanimidad a los herederos Sniechowski como leg\u00edtimos propietarios de los lotes en disputa, dejando sin efecto un fallo previo de la C\u00e1mara de Apelaciones de Goya y ratificando lo resuelto en primera instancia. El tribunal sostuvo que los ocupantes y el Municipio no ten\u00edan legitimaci\u00f3n para actuar en el proceso principal, y que cualquier reclamo deb\u00eda realizarse mediante juicios de usucapi\u00f3n individuales.<\/p>\n<p>La situaci\u00f3n qued\u00f3 definitivamente cerrada en el plano judicial tras el\u00a0<strong>rechazo del recurso extraordinario presentado ante la Corte Suprema de Justicia de la Naci\u00f3n<\/strong>, lo que consolid\u00f3 la validez del fallo provincial.<\/p>\n<p>Ante el impacto social y econ\u00f3mico que podr\u00eda generar una eventual ejecuci\u00f3n de desalojos, el\u00a0<strong>Gobierno de Corrientes<\/strong>\u00a0impuls\u00f3 un\u00a0<strong>proyecto de Ley de Expropiaci\u00f3n<\/strong>, que ya cuenta con\u00a0<strong>media sanci\u00f3n de la C\u00e1mara de Diputados<\/strong>\u00a0desde junio de 2025 y aguarda tratamiento en el Senado. Desde distintos sectores advierten que esta herramienta legal aparece como la\u00a0<strong>\u00fanica alternativa<\/strong>\u00a0para preservar la continuidad de una comunidad clave para el desarrollo tur\u00edstico provincial y nacional.<\/p>\n<p>Colonia Carlos Pellegrini, recientemente destacada a nivel internacional como uno de los destinos naturales m\u00e1s atractivos del mundo, enfrenta ahora una definici\u00f3n crucial que marcar\u00e1 su futuro inmediato y el de cientos de familias que la habitan desde hace generaciones.<\/p>\n<p>Fuente: Radio City Mercedes<\/p>\n","protected":false},"excerpt":{"rendered":"<p>Interes general Viernes 12 de Diciembre de 2025 La localidad correntina de\u00a0Colonia Carlos Pellegrini, principal portal de acceso a los Esteros del Iber\u00e1, atraviesa uno de los momentos m\u00e1s delicados de su historia institucional y social. Un\u00a0fallo judicial firme, confirmado en todas las instancias, reconoci\u00f3 la titularidad de gran parte del ejido urbano a herederos [&hellip;]<\/p>\n","protected":false},"author":2,"featured_media":4795,"comment_status":"open","ping_status":"open","sticky":false,"template":"","format":"standard","meta":{"footnotes":""},"categories":[72],"tags":[],"class_list":{"0":"post-4794","1":"post","2":"type-post","3":"status-publish","4":"format-standard","5":"has-post-thumbnail","7":"category-provinciales"},"_links":{"self":[{"href":"https:\/\/elpueblonoticia.com.ar\/web\/wp-json\/wp\/v2\/posts\/4794","targetHints":{"allow":["GET"]}}],"collection":[{"href":"https:\/\/elpueblonoticia.com.ar\/web\/wp-json\/wp\/v2\/posts"}],"about":[{"href":"https:\/\/elpueblonoticia.com.ar\/web\/wp-json\/wp\/v2\/types\/post"}],"author":[{"embeddable":true,"href":"https:\/\/elpueblonoticia.com.ar\/web\/wp-json\/wp\/v2\/users\/2"}],"replies":[{"embeddable":true,"href":"https:\/\/elpueblonoticia.com.ar\/web\/wp-json\/wp\/v2\/comments?post=4794"}],"version-history":[{"count":1,"href":"https:\/\/elpueblonoticia.com.ar\/web\/wp-json\/wp\/v2\/posts\/4794\/revisions"}],"predecessor-version":[{"id":4796,"href":"https:\/\/elpueblonoticia.com.ar\/web\/wp-json\/wp\/v2\/posts\/4794\/revisions\/4796"}],"wp:featuredmedia":[{"embeddable":true,"href":"https:\/\/elpueblonoticia.com.ar\/web\/wp-json\/wp\/v2\/media\/4795"}],"wp:attachment":[{"href":"https:\/\/elpueblonoticia.com.ar\/web\/wp-json\/wp\/v2\/media?parent=4794"}],"wp:term":[{"taxonomy":"category","embeddable":true,"href":"https:\/\/elpueblonoticia.com.ar\/web\/wp-json\/wp\/v2\/categories?post=4794"},{"taxonomy":"post_tag","embeddable":true,"href":"https:\/\/elpueblonoticia.com.ar\/web\/wp-json\/wp\/v2\/tags?post=4794"}],"curies":[{"name":"wp","href":"https:\/\/api.w.org\/{rel}","templated":true}]}}