{"id":4791,"date":"2025-12-12T22:14:21","date_gmt":"2025-12-13T01:14:21","guid":{"rendered":"https:\/\/elpueblonoticia.com.ar\/web\/?p=4791"},"modified":"2025-12-12T22:14:21","modified_gmt":"2025-12-13T01:14:21","slug":"el-intendente-agustin-faraldo-presento-la-conformacion-del-gabinete","status":"publish","type":"post","link":"https:\/\/elpueblonoticia.com.ar\/web\/2025\/12\/12\/el-intendente-agustin-faraldo-presento-la-conformacion-del-gabinete\/","title":{"rendered":"El intendente Agustin Faraldo presento la conformaci\u00f3n del gabinete"},"content":{"rendered":"<p><strong>Municipales<\/strong><\/p>\n<p>Viernes 12 de Diciembre de 2025<\/p>\n<div class=\"xdj266r x14z9mp xat24cr x1lziwak x1vvkbs x126k92a\">\n<div dir=\"auto\">El Municipio de Paso de los Libres informa que el intendente Agust\u00edn Faraldo present\u00f3 formalmente, en el Palacio Municipal, al equipo de secretarios que acompa\u00f1ar\u00e1 su gesti\u00f3n.<\/div>\n<\/div>\n<div class=\"x14z9mp xat24cr x1lziwak x1vvkbs xtlvy1s x126k92a\">\n<div dir=\"auto\">La conformaci\u00f3n del gabinete es un paso fundamental para avanzar en la organizaci\u00f3n interna del Municipio y fortalecer el trabajo articulado entre las distintas \u00e1reas.<\/div>\n<\/div>\n<div class=\"x14z9mp xat24cr x1lziwak x1vvkbs xtlvy1s x126k92a\">\n<div dir=\"auto\">El gabinete municipal qued\u00f3 integrado de la siguiente manera:<\/div>\n<\/div>\n<div class=\"x14z9mp xat24cr x1lziwak x1vvkbs xtlvy1s x126k92a\">\n<div dir=\"auto\"><span class=\"html-span xexx8yu xyri2b x18d9i69 x1c1uobl x1hl2dhg x16tdsg8 x1vvkbs x3nfvp2 x1j61x8r x1fcty0u xdj266r xat24cr xm2jcoa x1mpyi22 xxymvpz xlup9mm x1kky2od\"><img loading=\"lazy\" decoding=\"async\" class=\"xz74otr x15mokao x1ga7v0g x16uus16 xbiv7yw\" src=\"https:\/\/static.xx.fbcdn.net\/images\/emoji.php\/v9\/tf3\/1\/16\/1f539.png\" alt=\"\ud83d\udd39\" width=\"16\" height=\"16\" \/><\/span> Secretar\u00eda de Gobierno: Sr. Santiago Rodr\u00edguez Bazante<\/div>\n<div dir=\"auto\"><span class=\"html-span xexx8yu xyri2b x18d9i69 x1c1uobl x1hl2dhg x16tdsg8 x1vvkbs x3nfvp2 x1j61x8r x1fcty0u xdj266r xat24cr xm2jcoa x1mpyi22 xxymvpz xlup9mm x1kky2od\"><img loading=\"lazy\" decoding=\"async\" class=\"xz74otr x15mokao x1ga7v0g x16uus16 xbiv7yw\" src=\"https:\/\/static.xx.fbcdn.net\/images\/emoji.php\/v9\/tf3\/1\/16\/1f539.png\" alt=\"\ud83d\udd39\" width=\"16\" height=\"16\" \/><\/span> Secretar\u00eda Privada: Prof. Ra\u00fal Demesio Tarabini<\/div>\n<div dir=\"auto\"><span class=\"html-span xexx8yu xyri2b x18d9i69 x1c1uobl x1hl2dhg x16tdsg8 x1vvkbs x3nfvp2 x1j61x8r x1fcty0u xdj266r xat24cr xm2jcoa x1mpyi22 xxymvpz xlup9mm x1kky2od\"><img loading=\"lazy\" decoding=\"async\" class=\"xz74otr x15mokao x1ga7v0g x16uus16 xbiv7yw\" src=\"https:\/\/static.xx.fbcdn.net\/images\/emoji.php\/v9\/tf3\/1\/16\/1f539.png\" alt=\"\ud83d\udd39\" width=\"16\" height=\"16\" \/><\/span> Secretar\u00eda de Coordinaci\u00f3n y Planificaci\u00f3n: Dr. Jos\u00e9 Ireneo Cendoya<\/div>\n<div dir=\"auto\"><span class=\"html-span xexx8yu xyri2b x18d9i69 x1c1uobl x1hl2dhg x16tdsg8 x1vvkbs x3nfvp2 x1j61x8r x1fcty0u xdj266r xat24cr xm2jcoa x1mpyi22 xxymvpz xlup9mm x1kky2od\"><img loading=\"lazy\" decoding=\"async\" class=\"xz74otr x15mokao x1ga7v0g x16uus16 xbiv7yw\" src=\"https:\/\/static.xx.fbcdn.net\/images\/emoji.php\/v9\/tf3\/1\/16\/1f539.png\" alt=\"\ud83d\udd39\" width=\"16\" height=\"16\" \/><\/span> Secretar\u00eda de Obras y Servicios P\u00fablicos: Arq. Nelson Schiro<\/div>\n<div dir=\"auto\"><span class=\"html-span xexx8yu xyri2b x18d9i69 x1c1uobl x1hl2dhg x16tdsg8 x1vvkbs x3nfvp2 x1j61x8r x1fcty0u xdj266r xat24cr xm2jcoa x1mpyi22 xxymvpz xlup9mm x1kky2od\"><img loading=\"lazy\" decoding=\"async\" class=\"xz74otr x15mokao x1ga7v0g x16uus16 xbiv7yw\" src=\"https:\/\/static.xx.fbcdn.net\/images\/emoji.php\/v9\/tf3\/1\/16\/1f539.png\" alt=\"\ud83d\udd39\" width=\"16\" height=\"16\" \/><\/span> Secretar\u00eda de Salud: Dra. Natalia Mira Gesto<\/div>\n<div dir=\"auto\"><span class=\"html-span xexx8yu xyri2b x18d9i69 x1c1uobl x1hl2dhg x16tdsg8 x1vvkbs x3nfvp2 x1j61x8r x1fcty0u xdj266r xat24cr xm2jcoa x1mpyi22 xxymvpz xlup9mm x1kky2od\"><img loading=\"lazy\" decoding=\"async\" class=\"xz74otr x15mokao x1ga7v0g x16uus16 xbiv7yw\" src=\"https:\/\/static.xx.fbcdn.net\/images\/emoji.php\/v9\/tf3\/1\/16\/1f539.png\" alt=\"\ud83d\udd39\" width=\"16\" height=\"16\" \/><\/span> Secretar\u00eda de Seguridad y Protecci\u00f3n Ciudadana: Dr. Gustavo Garc\u00eda<\/div>\n<div dir=\"auto\"><span class=\"html-span xexx8yu xyri2b x18d9i69 x1c1uobl x1hl2dhg x16tdsg8 x1vvkbs x3nfvp2 x1j61x8r x1fcty0u xdj266r xat24cr xm2jcoa x1mpyi22 xxymvpz xlup9mm x1kky2od\"><img loading=\"lazy\" decoding=\"async\" class=\"xz74otr x15mokao x1ga7v0g x16uus16 xbiv7yw\" src=\"https:\/\/static.xx.fbcdn.net\/images\/emoji.php\/v9\/tf3\/1\/16\/1f539.png\" alt=\"\ud83d\udd39\" width=\"16\" height=\"16\" \/><\/span> Secretar\u00eda de Hacienda: Cr. Andr\u00e9s Gonz\u00e1lez<\/div>\n<div dir=\"auto\"><span class=\"html-span xexx8yu xyri2b x18d9i69 x1c1uobl x1hl2dhg x16tdsg8 x1vvkbs x3nfvp2 x1j61x8r x1fcty0u xdj266r xat24cr xm2jcoa x1mpyi22 xxymvpz xlup9mm x1kky2od\"><img loading=\"lazy\" decoding=\"async\" class=\"xz74otr x15mokao x1ga7v0g x16uus16 xbiv7yw\" src=\"https:\/\/static.xx.fbcdn.net\/images\/emoji.php\/v9\/tf3\/1\/16\/1f539.png\" alt=\"\ud83d\udd39\" width=\"16\" height=\"16\" \/><\/span> Secretar\u00eda de Desarrollo Econ\u00f3mico: Dr. Rodrigo Loker<\/div>\n<div dir=\"auto\"><span class=\"html-span xexx8yu xyri2b x18d9i69 x1c1uobl x1hl2dhg x16tdsg8 x1vvkbs x3nfvp2 x1j61x8r x1fcty0u xdj266r xat24cr xm2jcoa x1mpyi22 xxymvpz xlup9mm x1kky2od\"><img loading=\"lazy\" decoding=\"async\" class=\"xz74otr x15mokao x1ga7v0g x16uus16 xbiv7yw\" src=\"https:\/\/static.xx.fbcdn.net\/images\/emoji.php\/v9\/tf3\/1\/16\/1f539.png\" alt=\"\ud83d\udd39\" width=\"16\" height=\"16\" \/><\/span> Secretar\u00eda de Desarrollo Humano: Mat\u00edas G\u00f3mez Velazco<\/div>\n<div dir=\"auto\"><span class=\"html-span xexx8yu xyri2b x18d9i69 x1c1uobl x1hl2dhg x16tdsg8 x1vvkbs x3nfvp2 x1j61x8r x1fcty0u xdj266r xat24cr xm2jcoa x1mpyi22 xxymvpz xlup9mm x1kky2od\"><img loading=\"lazy\" decoding=\"async\" class=\"xz74otr x15mokao x1ga7v0g x16uus16 xbiv7yw\" src=\"https:\/\/static.xx.fbcdn.net\/images\/emoji.php\/v9\/tf3\/1\/16\/1f539.png\" alt=\"\ud83d\udd39\" width=\"16\" height=\"16\" \/><\/span> Juzgado de Faltas: Dr. Gerardo Almeida<\/div>\n<\/div>\n<div class=\"x14z9mp xat24cr x1lziwak x1vvkbs xtlvy1s x126k92a\">\n<div dir=\"auto\">El intendente Faraldo destac\u00f3 la importancia de consolidar una gesti\u00f3n ordenada, \u00e1gil y comprometida, con el objetivo de brindar respuestas eficientes a las necesidades de todos los vecinos de Paso de los Libres.<\/div>\n<div dir=\"auto\"><\/div>\n<div dir=\"auto\">Pero tras conocerse ayer en horas de la ma\u00f1ana, la confirmaci\u00f3n y posterior asunci\u00f3n como Ministra de Educaci\u00f3n de la provincia, de Ana Mi\u00f1o, comenzaron las especulaciones acerca de su funci\u00f3n como vice-intendente de Paso de los Libres, cargo que asumi\u00f3 el pasado d\u00eda martes por el per\u00edodo 2025-2029, acompa\u00f1ando al intendente, Agust\u00edn Faraldo.<\/div>\n<div dir=\"auto\"><\/div>\n<div dir=\"auto\">Pudo saberse, que la flamante Ministra, pedir\u00eda una licencia, para el cargo electivo, por el cual fue elegida el \u00faltimo 31 de agosto, para as\u00ed de esa manera, abocarse de lleno a la tarea para la que fue designada por el nuevo Gobernador, Juan Pablo Vald\u00e9s.<\/div>\n<div dir=\"auto\">Fuentes consultadas al respecto, tanto del oficialismo comunal, como de la oposici\u00f3n en el Concejo Deliberante, coincidieron \u201cinicialmente\u201d en que el ejecutivo municipal, podr\u00eda elaborar una resoluci\u00f3n y luego notificar al Concejo Deliberante.<\/p>\n<p>En ese sentido, indican que la semana que viene se convocar\u00eda a sesiones extraordinaria para abordar este tema entre otros de inter\u00e9s del ejecutivo.<\/p>\n<p>En relaci\u00f3n a movimientos en el gabinete municipal, Mat\u00edas G\u00f3mez Velasco, allegado pol\u00edtico a Ana Mi\u00f1o, quien asumi\u00f3 de manera reciente la Secretar\u00eda de Desarrollo Humano Municipal, podr\u00eda dejar esa funci\u00f3n para acompa\u00f1ar en el equipo a la nueva Ministra. Si esto se confirma, el intendente Agust\u00edn Faraldo deber\u00eda designar un nuevo funcionario en el \u00e1rea.<\/p>\n<p>Otro interrogante que se abre, es que va pasar con la Direcci\u00f3n de Participaci\u00f3n Ciudadana, dependiente de la vice-intendencia municipal, lugar ocupado desde el 10 de diciembre por M\u00f3nica de Gaetano.<\/p>\n<p>\u00c9ste fin de semana ser\u00e1n de intensas rees, vinculadas a un posible reacomodamiento de piezas en el ejecutivo municipal.<\/p><\/div>\n<\/div>\n","protected":false},"excerpt":{"rendered":"<p>Municipales Viernes 12 de Diciembre de 2025 El Municipio de Paso de los Libres informa que el intendente Agust\u00edn Faraldo present\u00f3 formalmente, en el Palacio Municipal, al equipo de secretarios que acompa\u00f1ar\u00e1 su gesti\u00f3n. La conformaci\u00f3n del gabinete es un paso fundamental para avanzar en la organizaci\u00f3n interna del Municipio y fortalecer el trabajo articulado [&hellip;]<\/p>\n","protected":false},"author":2,"featured_media":4792,"comment_status":"open","ping_status":"open","sticky":false,"template":"","format":"standard","meta":{"footnotes":""},"categories":[77],"tags":[],"class_list":{"0":"post-4791","1":"post","2":"type-post","3":"status-publish","4":"format-standard","5":"has-post-thumbnail","7":"category-paso-de-los-libres"},"_links":{"self":[{"href":"https:\/\/elpueblonoticia.com.ar\/web\/wp-json\/wp\/v2\/posts\/4791","targetHints":{"allow":["GET"]}}],"collection":[{"href":"https:\/\/elpueblonoticia.com.ar\/web\/wp-json\/wp\/v2\/posts"}],"about":[{"href":"https:\/\/elpueblonoticia.com.ar\/web\/wp-json\/wp\/v2\/types\/post"}],"author":[{"embeddable":true,"href":"https:\/\/elpueblonoticia.com.ar\/web\/wp-json\/wp\/v2\/users\/2"}],"replies":[{"embeddable":true,"href":"https:\/\/elpueblonoticia.com.ar\/web\/wp-json\/wp\/v2\/comments?post=4791"}],"version-history":[{"count":1,"href":"https:\/\/elpueblonoticia.com.ar\/web\/wp-json\/wp\/v2\/posts\/4791\/revisions"}],"predecessor-version":[{"id":4793,"href":"https:\/\/elpueblonoticia.com.ar\/web\/wp-json\/wp\/v2\/posts\/4791\/revisions\/4793"}],"wp:featuredmedia":[{"embeddable":true,"href":"https:\/\/elpueblonoticia.com.ar\/web\/wp-json\/wp\/v2\/media\/4792"}],"wp:attachment":[{"href":"https:\/\/elpueblonoticia.com.ar\/web\/wp-json\/wp\/v2\/media?parent=4791"}],"wp:term":[{"taxonomy":"category","embeddable":true,"href":"https:\/\/elpueblonoticia.com.ar\/web\/wp-json\/wp\/v2\/categories?post=4791"},{"taxonomy":"post_tag","embeddable":true,"href":"https:\/\/elpueblonoticia.com.ar\/web\/wp-json\/wp\/v2\/tags?post=4791"}],"curies":[{"name":"wp","href":"https:\/\/api.w.org\/{rel}","templated":true}]}}