{"id":4781,"date":"2025-12-11T10:35:57","date_gmt":"2025-12-11T13:35:57","guid":{"rendered":"https:\/\/elpueblonoticia.com.ar\/web\/?p=4781"},"modified":"2025-12-11T10:39:03","modified_gmt":"2025-12-11T13:39:03","slug":"la-contadora-ana-mino-sera-lanueva-ministra-de-educacion-de-la-provincia","status":"publish","type":"post","link":"https:\/\/elpueblonoticia.com.ar\/web\/2025\/12\/11\/la-contadora-ana-mino-sera-lanueva-ministra-de-educacion-de-la-provincia\/","title":{"rendered":"La contadora Ana Mi\u00f1o ser\u00e1 la nueva Ministra de Educaci\u00f3n de la Provincia"},"content":{"rendered":"<p><strong>Info general<\/strong><\/p>\n<p>Jueves 11 de Diciembre de 2025<\/p>\n<div class=\"xdj266r x14z9mp xat24cr x1lziwak x1vvkbs x126k92a\">\n<div dir=\"auto\">Ana Mi\u00f1o ser\u00e1 finalmente la pr\u00f3xima ministra de Educaci\u00f3n de la provincia de Corrientes. La decisi\u00f3n fue confirmada en las \u00faltimas horas y, seg\u00fan se pudo saber, fue tomada en com\u00fan acuerdo entre el gobernador y el intendente libre\u00f1o, Agust\u00edn Faraldo.<\/div>\n<div dir=\"auto\"><\/div>\n<\/div>\n<div class=\"x14z9mp xat24cr x1lziwak x1vvkbs xtlvy1s x126k92a\">\n<div dir=\"auto\">Faraldo se encuentra en la capital provincial acompa\u00f1ando a Mi\u00f1o, quien asumir\u00e1 al frente de la cartera educativa. De acuerdo con informaci\u00f3n oficial, el gobernador realiz\u00f3 el pedido para su incorporaci\u00f3n al gabinete provincial durante la noche del 9 de diciembre, apenas momentos despu\u00e9s de la jura de autoridades en Paso de los Libres.<\/div>\n<div dir=\"auto\"><\/div>\n<\/div>\n<div class=\"x14z9mp xat24cr x1lziwak x1vvkbs xtlvy1s x126k92a\">\n<div dir=\"auto\">La contadora Ana Mi\u00f1o asumir\u00e1 su nuevo rol en las pr\u00f3ximas horas, marcando as\u00ed un cambio significativo tanto para el municipio como para el Ministerio de Educaci\u00f3n de Corrientes.<\/div>\n<\/div>\n","protected":false},"excerpt":{"rendered":"<p>Info general Jueves 11 de Diciembre de 2025 Ana Mi\u00f1o ser\u00e1 finalmente la pr\u00f3xima ministra de Educaci\u00f3n de la provincia de Corrientes. La decisi\u00f3n fue confirmada en las \u00faltimas horas y, seg\u00fan se pudo saber, fue tomada en com\u00fan acuerdo entre el gobernador y el intendente libre\u00f1o, Agust\u00edn Faraldo. Faraldo se encuentra en la capital [&hellip;]<\/p>\n","protected":false},"author":2,"featured_media":4782,"comment_status":"open","ping_status":"open","sticky":false,"template":"","format":"standard","meta":{"footnotes":""},"categories":[77],"tags":[],"class_list":{"0":"post-4781","1":"post","2":"type-post","3":"status-publish","4":"format-standard","5":"has-post-thumbnail","7":"category-paso-de-los-libres"},"_links":{"self":[{"href":"https:\/\/elpueblonoticia.com.ar\/web\/wp-json\/wp\/v2\/posts\/4781","targetHints":{"allow":["GET"]}}],"collection":[{"href":"https:\/\/elpueblonoticia.com.ar\/web\/wp-json\/wp\/v2\/posts"}],"about":[{"href":"https:\/\/elpueblonoticia.com.ar\/web\/wp-json\/wp\/v2\/types\/post"}],"author":[{"embeddable":true,"href":"https:\/\/elpueblonoticia.com.ar\/web\/wp-json\/wp\/v2\/users\/2"}],"replies":[{"embeddable":true,"href":"https:\/\/elpueblonoticia.com.ar\/web\/wp-json\/wp\/v2\/comments?post=4781"}],"version-history":[{"count":2,"href":"https:\/\/elpueblonoticia.com.ar\/web\/wp-json\/wp\/v2\/posts\/4781\/revisions"}],"predecessor-version":[{"id":4784,"href":"https:\/\/elpueblonoticia.com.ar\/web\/wp-json\/wp\/v2\/posts\/4781\/revisions\/4784"}],"wp:featuredmedia":[{"embeddable":true,"href":"https:\/\/elpueblonoticia.com.ar\/web\/wp-json\/wp\/v2\/media\/4782"}],"wp:attachment":[{"href":"https:\/\/elpueblonoticia.com.ar\/web\/wp-json\/wp\/v2\/media?parent=4781"}],"wp:term":[{"taxonomy":"category","embeddable":true,"href":"https:\/\/elpueblonoticia.com.ar\/web\/wp-json\/wp\/v2\/categories?post=4781"},{"taxonomy":"post_tag","embeddable":true,"href":"https:\/\/elpueblonoticia.com.ar\/web\/wp-json\/wp\/v2\/tags?post=4781"}],"curies":[{"name":"wp","href":"https:\/\/api.w.org\/{rel}","templated":true}]}}