{"id":4778,"date":"2025-12-10T21:40:03","date_gmt":"2025-12-11T00:40:03","guid":{"rendered":"https:\/\/elpueblonoticia.com.ar\/web\/?p=4778"},"modified":"2025-12-10T21:40:03","modified_gmt":"2025-12-11T00:40:03","slug":"confirman-primer-caso-de-tos-convulsa-del-ano","status":"publish","type":"post","link":"https:\/\/elpueblonoticia.com.ar\/web\/2025\/12\/10\/confirman-primer-caso-de-tos-convulsa-del-ano\/","title":{"rendered":"Confirman primer caso de tos convulsa del a\u00f1o"},"content":{"rendered":"<p><strong>Alerta Sanitaria<\/strong><\/p>\n<p>Miercoles 10 de Diciembre de 2025<\/p>\n<div class=\"xdj266r x14z9mp xat24cr x1lziwak x1vvkbs x126k92a\">\n<div dir=\"auto\">El director del Hospital Pedi\u00e1trico de Resistencia (Chaco) confirm\u00f3 el primer caso registrado en 2025 de tos convulsa \u2014tambi\u00e9n conocida como coqueluche\u2014 en la provincia.<\/div>\n<\/div>\n<div class=\"x14z9mp xat24cr x1lziwak x1vvkbs xtlvy1s x126k92a\">\n<div dir=\"auto\">Se trata de un beb\u00e9 de ocho meses que, gracias a contar con el esquema de vacunaci\u00f3n completo para su edad, evolucion\u00f3 favorablemente y ya fue dado de alta.<\/div>\n<\/div>\n<div class=\"x14z9mp xat24cr x1lziwak x1vvkbs xtlvy1s x126k92a\">\n<div dir=\"auto\">El pediatra a cargo, el doctor Hugo Ramos, advirti\u00f3 que la tos convulsa es una enfermedad bacteriana altamente contagiosa \u2014provocada por la bacteria Bordetella pertussis\u2014 que puede ser especialmente grave en reci\u00e9n nacidos y menores de dos a\u00f1os, debido al riesgo de complicaciones como apnea o neumon\u00eda.<\/div>\n<\/div>\n<div class=\"x14z9mp xat24cr x1lziwak x1vvkbs xtlvy1s x126k92a\">\n<div dir=\"auto\">Ramos vincul\u00f3 la reaparici\u00f3n de este caso \u2014y de otros brotes recientes en el pa\u00eds\u2014 con la ca\u00edda en los niveles de vacunaci\u00f3n tras la pandemia. \u201cSomos un pa\u00eds que ten\u00eda una de las coberturas m\u00e1s altas y hoy estamos muy bajos\u201d, advirti\u00f3, e inst\u00f3 a la poblaci\u00f3n a revisar sus carnets y completar los esquemas de vacunaci\u00f3n en los centros de salud.<\/div>\n<\/div>\n<div class=\"x14z9mp xat24cr x1lziwak x1vvkbs xtlvy1s x126k92a\">\n<div dir=\"auto\">Desde el \u00e1mbito sanitario nacional y provincial, se renuevan los llamados a extremar los cuidados: asegurar la vacunaci\u00f3n de lactantes, mantener los refuerzos correspondientes y adoptar medidas de vigilancia activa. En 2025, los casos de tos convulsa ya se multiplican en varias jurisdicciones, con decenas de brotes y varios menores fallecidos en otras provincias.<\/div>\n<\/div>\n","protected":false},"excerpt":{"rendered":"<p>Alerta Sanitaria Miercoles 10 de Diciembre de 2025 El director del Hospital Pedi\u00e1trico de Resistencia (Chaco) confirm\u00f3 el primer caso registrado en 2025 de tos convulsa \u2014tambi\u00e9n conocida como coqueluche\u2014 en la provincia. Se trata de un beb\u00e9 de ocho meses que, gracias a contar con el esquema de vacunaci\u00f3n completo para su edad, evolucion\u00f3 [&hellip;]<\/p>\n","protected":false},"author":2,"featured_media":4779,"comment_status":"open","ping_status":"open","sticky":false,"template":"","format":"standard","meta":{"footnotes":""},"categories":[69],"tags":[],"class_list":{"0":"post-4778","1":"post","2":"type-post","3":"status-publish","4":"format-standard","5":"has-post-thumbnail","7":"category-salud"},"_links":{"self":[{"href":"https:\/\/elpueblonoticia.com.ar\/web\/wp-json\/wp\/v2\/posts\/4778","targetHints":{"allow":["GET"]}}],"collection":[{"href":"https:\/\/elpueblonoticia.com.ar\/web\/wp-json\/wp\/v2\/posts"}],"about":[{"href":"https:\/\/elpueblonoticia.com.ar\/web\/wp-json\/wp\/v2\/types\/post"}],"author":[{"embeddable":true,"href":"https:\/\/elpueblonoticia.com.ar\/web\/wp-json\/wp\/v2\/users\/2"}],"replies":[{"embeddable":true,"href":"https:\/\/elpueblonoticia.com.ar\/web\/wp-json\/wp\/v2\/comments?post=4778"}],"version-history":[{"count":1,"href":"https:\/\/elpueblonoticia.com.ar\/web\/wp-json\/wp\/v2\/posts\/4778\/revisions"}],"predecessor-version":[{"id":4780,"href":"https:\/\/elpueblonoticia.com.ar\/web\/wp-json\/wp\/v2\/posts\/4778\/revisions\/4780"}],"wp:featuredmedia":[{"embeddable":true,"href":"https:\/\/elpueblonoticia.com.ar\/web\/wp-json\/wp\/v2\/media\/4779"}],"wp:attachment":[{"href":"https:\/\/elpueblonoticia.com.ar\/web\/wp-json\/wp\/v2\/media?parent=4778"}],"wp:term":[{"taxonomy":"category","embeddable":true,"href":"https:\/\/elpueblonoticia.com.ar\/web\/wp-json\/wp\/v2\/categories?post=4778"},{"taxonomy":"post_tag","embeddable":true,"href":"https:\/\/elpueblonoticia.com.ar\/web\/wp-json\/wp\/v2\/tags?post=4778"}],"curies":[{"name":"wp","href":"https:\/\/api.w.org\/{rel}","templated":true}]}}