{"id":4772,"date":"2025-12-10T19:34:36","date_gmt":"2025-12-10T22:34:36","guid":{"rendered":"https:\/\/elpueblonoticia.com.ar\/web\/?p=4772"},"modified":"2025-12-10T19:34:36","modified_gmt":"2025-12-10T22:34:36","slug":"la-policia-demoro-a-cinco-personas-y-secuestro-mas-de-dos-kilos-de-marihuana","status":"publish","type":"post","link":"https:\/\/elpueblonoticia.com.ar\/web\/2025\/12\/10\/la-policia-demoro-a-cinco-personas-y-secuestro-mas-de-dos-kilos-de-marihuana\/","title":{"rendered":"La polic\u00eda demor\u00f3 a cinco personas y secuestr\u00f3 m\u00e1s de dos kilos de Marihuana"},"content":{"rendered":"<p><strong>Policiales<\/strong><\/p>\n<p>Miercoles 10 de Diciembre de 2025<\/p>\n<div class=\"xdj266r x14z9mp xat24cr x1lziwak x1vvkbs x126k92a\">\n<div dir=\"auto\">Este 9 de diciembre, alrededor del mediod\u00eda, efectivos de la Comisar\u00eda Segunda de Paso de los Libres demoraron a cinco personas y secuestraron tres \u201cpanes\u201d de marihuana.<\/div>\n<\/div>\n<div class=\"x14z9mp xat24cr x1lziwak x1vvkbs xtlvy1s x126k92a\">\n<div dir=\"auto\">El procedimiento se realiz\u00f3 cerca de las 12 horas, tras un aviso por presunta venta de estupefacientes en inmediaciones de la avenida 2 de Abril. Al llegar al lugar, los polic\u00edas observaron a un grupo que intent\u00f3 huir al advertir la presencia policial, siendo demorados a pocos metros.<\/div>\n<\/div>\n<div class=\"x14z9mp xat24cr x1lziwak x1vvkbs xtlvy1s x126k92a\">\n<div dir=\"auto\">En la huida, los involucrados abandonaron una mochila que conten\u00eda tres panes de sustancia vegetal. Personal de la Divisi\u00f3n Drogas Peligrosas de la Unidad Regional IV realiz\u00f3 el test orientativo, que arroj\u00f3 resultado positivo para cannabis sativa. El peso total fue de 2,115 kilos.<\/div>\n<\/div>\n<div class=\"x14z9mp xat24cr x1lziwak x1vvkbs xtlvy1s x126k92a\">\n<div dir=\"auto\">Los demorados, dos hombres mayores de edad y tres menores, quedaron a disposici\u00f3n de la Justicia junto con la droga secuestrada. El caso contin\u00faa en investigaci\u00f3n.<\/div>\n<\/div>\n","protected":false},"excerpt":{"rendered":"<p>Policiales Miercoles 10 de Diciembre de 2025 Este 9 de diciembre, alrededor del mediod\u00eda, efectivos de la Comisar\u00eda Segunda de Paso de los Libres demoraron a cinco personas y secuestraron tres \u201cpanes\u201d de marihuana. El procedimiento se realiz\u00f3 cerca de las 12 horas, tras un aviso por presunta venta de estupefacientes en inmediaciones de la [&hellip;]<\/p>\n","protected":false},"author":2,"featured_media":4773,"comment_status":"open","ping_status":"open","sticky":false,"template":"","format":"standard","meta":{"footnotes":""},"categories":[77],"tags":[],"class_list":{"0":"post-4772","1":"post","2":"type-post","3":"status-publish","4":"format-standard","5":"has-post-thumbnail","7":"category-paso-de-los-libres"},"_links":{"self":[{"href":"https:\/\/elpueblonoticia.com.ar\/web\/wp-json\/wp\/v2\/posts\/4772","targetHints":{"allow":["GET"]}}],"collection":[{"href":"https:\/\/elpueblonoticia.com.ar\/web\/wp-json\/wp\/v2\/posts"}],"about":[{"href":"https:\/\/elpueblonoticia.com.ar\/web\/wp-json\/wp\/v2\/types\/post"}],"author":[{"embeddable":true,"href":"https:\/\/elpueblonoticia.com.ar\/web\/wp-json\/wp\/v2\/users\/2"}],"replies":[{"embeddable":true,"href":"https:\/\/elpueblonoticia.com.ar\/web\/wp-json\/wp\/v2\/comments?post=4772"}],"version-history":[{"count":1,"href":"https:\/\/elpueblonoticia.com.ar\/web\/wp-json\/wp\/v2\/posts\/4772\/revisions"}],"predecessor-version":[{"id":4774,"href":"https:\/\/elpueblonoticia.com.ar\/web\/wp-json\/wp\/v2\/posts\/4772\/revisions\/4774"}],"wp:featuredmedia":[{"embeddable":true,"href":"https:\/\/elpueblonoticia.com.ar\/web\/wp-json\/wp\/v2\/media\/4773"}],"wp:attachment":[{"href":"https:\/\/elpueblonoticia.com.ar\/web\/wp-json\/wp\/v2\/media?parent=4772"}],"wp:term":[{"taxonomy":"category","embeddable":true,"href":"https:\/\/elpueblonoticia.com.ar\/web\/wp-json\/wp\/v2\/categories?post=4772"},{"taxonomy":"post_tag","embeddable":true,"href":"https:\/\/elpueblonoticia.com.ar\/web\/wp-json\/wp\/v2\/tags?post=4772"}],"curies":[{"name":"wp","href":"https:\/\/api.w.org\/{rel}","templated":true}]}}