{"id":4766,"date":"2025-12-10T12:11:08","date_gmt":"2025-12-10T15:11:08","guid":{"rendered":"https:\/\/elpueblonoticia.com.ar\/web\/?p=4766"},"modified":"2025-12-10T12:11:08","modified_gmt":"2025-12-10T15:11:08","slug":"preocupacion-en-la-escuela-227-padres-denuncian-maltrato-y-falta-de-empatia-del-equipo-directivo","status":"publish","type":"post","link":"https:\/\/elpueblonoticia.com.ar\/web\/2025\/12\/10\/preocupacion-en-la-escuela-227-padres-denuncian-maltrato-y-falta-de-empatia-del-equipo-directivo\/","title":{"rendered":"Preocupaci\u00f3n en la Escuela 227: Padres denuncian maltrato y falta de empat\u00eda del equipo directivo"},"content":{"rendered":"<p><strong>Info general<\/strong><\/p>\n<p>Miercoles 10 de Diciembre de 2025<\/p>\n<p>Una madre de un estudiante de la Escuela 227 Coronel Sime\u00f3n Payba elev\u00f3 una nota a la Supervisora Escolar, Liliana Pe\u00f1alber, expresando su preocupaci\u00f3n por el trato recibido por parte del equipo directivo de la instituci\u00f3n. Seg\u00fan la madre, varios padres y madres han experimentado maltrato verbal, falta de empat\u00eda y respuestas agresivas ante consultas o solicitudes relacionadas con el bienestar de sus hijos.<\/p>\n<p>La madre solicita la intervenci\u00f3n de la supervisora para mejorar la convivencia institucional y fortalecer los v\u00ednculos entre la escuela y la comunidad. La nota destaca la importancia de que la escuela sea un espacio de confianza, di\u00e1logo y acompa\u00f1amiento para\u00a0las\u00a0familias.<\/p>\n<p><strong>&#8220;Me dirijo a usted con mi car\u00e1cter de mam\u00e1 de estudiante de la escuela&#8230; con profundo respeto pero tambi\u00e9n con mucha preocupaci\u00f3n&#8230; En distintas oportunidades hemos sentido maltrato verbal, falta de empat\u00eda, trato discriminatorio, y respuesta agresiva ante consultas o solicitudes que como familia realizamos por el bienestar de nuestros ni\u00f1os.&#8221;<\/strong><\/p>\n<p>Compartimos el enlace para ver las declaraciones de la madre afectada: https:\/\/www.facebook.com\/share\/v\/1GCNk4zFqf\/<\/p>\n<p><img loading=\"lazy\" decoding=\"async\" class=\"alignnone size-medium wp-image-4767\" src=\"https:\/\/elpueblonoticia.com.ar\/web\/wp-content\/uploads\/2025\/12\/Imagen-de-WhatsApp-2025-12-10-a-las-11.57.33_6d943e13-221x300.jpg\" alt=\"\" width=\"221\" height=\"300\" srcset=\"https:\/\/elpueblonoticia.com.ar\/web\/wp-content\/uploads\/2025\/12\/Imagen-de-WhatsApp-2025-12-10-a-las-11.57.33_6d943e13-221x300.jpg 221w, https:\/\/elpueblonoticia.com.ar\/web\/wp-content\/uploads\/2025\/12\/Imagen-de-WhatsApp-2025-12-10-a-las-11.57.33_6d943e13-754x1024.jpg 754w, https:\/\/elpueblonoticia.com.ar\/web\/wp-content\/uploads\/2025\/12\/Imagen-de-WhatsApp-2025-12-10-a-las-11.57.33_6d943e13-768x1044.jpg 768w, https:\/\/elpueblonoticia.com.ar\/web\/wp-content\/uploads\/2025\/12\/Imagen-de-WhatsApp-2025-12-10-a-las-11.57.33_6d943e13-309x420.jpg 309w, https:\/\/elpueblonoticia.com.ar\/web\/wp-content\/uploads\/2025\/12\/Imagen-de-WhatsApp-2025-12-10-a-las-11.57.33_6d943e13-696x946.jpg 696w, https:\/\/elpueblonoticia.com.ar\/web\/wp-content\/uploads\/2025\/12\/Imagen-de-WhatsApp-2025-12-10-a-las-11.57.33_6d943e13.jpg 900w\" sizes=\"auto, (max-width: 221px) 100vw, 221px\" \/> <img loading=\"lazy\" decoding=\"async\" class=\"alignnone size-medium wp-image-4768\" src=\"https:\/\/elpueblonoticia.com.ar\/web\/wp-content\/uploads\/2025\/12\/Imagen-de-WhatsApp-2025-12-10-a-las-11.57.33_6db7f6d3-217x300.jpg\" alt=\"\" width=\"217\" height=\"300\" srcset=\"https:\/\/elpueblonoticia.com.ar\/web\/wp-content\/uploads\/2025\/12\/Imagen-de-WhatsApp-2025-12-10-a-las-11.57.33_6db7f6d3-217x300.jpg 217w, https:\/\/elpueblonoticia.com.ar\/web\/wp-content\/uploads\/2025\/12\/Imagen-de-WhatsApp-2025-12-10-a-las-11.57.33_6db7f6d3-739x1024.jpg 739w, https:\/\/elpueblonoticia.com.ar\/web\/wp-content\/uploads\/2025\/12\/Imagen-de-WhatsApp-2025-12-10-a-las-11.57.33_6db7f6d3-768x1064.jpg 768w, https:\/\/elpueblonoticia.com.ar\/web\/wp-content\/uploads\/2025\/12\/Imagen-de-WhatsApp-2025-12-10-a-las-11.57.33_6db7f6d3-303x420.jpg 303w, https:\/\/elpueblonoticia.com.ar\/web\/wp-content\/uploads\/2025\/12\/Imagen-de-WhatsApp-2025-12-10-a-las-11.57.33_6db7f6d3-696x964.jpg 696w, https:\/\/elpueblonoticia.com.ar\/web\/wp-content\/uploads\/2025\/12\/Imagen-de-WhatsApp-2025-12-10-a-las-11.57.33_6db7f6d3.jpg 900w\" sizes=\"auto, (max-width: 217px) 100vw, 217px\" \/> <img loading=\"lazy\" decoding=\"async\" class=\"alignnone size-medium wp-image-4769\" src=\"https:\/\/elpueblonoticia.com.ar\/web\/wp-content\/uploads\/2025\/12\/Imagen-de-WhatsApp-2025-12-10-a-las-11.57.33_89198c61-216x300.jpg\" alt=\"\" width=\"216\" height=\"300\" srcset=\"https:\/\/elpueblonoticia.com.ar\/web\/wp-content\/uploads\/2025\/12\/Imagen-de-WhatsApp-2025-12-10-a-las-11.57.33_89198c61-216x300.jpg 216w, https:\/\/elpueblonoticia.com.ar\/web\/wp-content\/uploads\/2025\/12\/Imagen-de-WhatsApp-2025-12-10-a-las-11.57.33_89198c61-736x1024.jpg 736w, https:\/\/elpueblonoticia.com.ar\/web\/wp-content\/uploads\/2025\/12\/Imagen-de-WhatsApp-2025-12-10-a-las-11.57.33_89198c61-768x1068.jpg 768w, https:\/\/elpueblonoticia.com.ar\/web\/wp-content\/uploads\/2025\/12\/Imagen-de-WhatsApp-2025-12-10-a-las-11.57.33_89198c61-302x420.jpg 302w, https:\/\/elpueblonoticia.com.ar\/web\/wp-content\/uploads\/2025\/12\/Imagen-de-WhatsApp-2025-12-10-a-las-11.57.33_89198c61-696x968.jpg 696w, https:\/\/elpueblonoticia.com.ar\/web\/wp-content\/uploads\/2025\/12\/Imagen-de-WhatsApp-2025-12-10-a-las-11.57.33_89198c61.jpg 900w\" sizes=\"auto, (max-width: 216px) 100vw, 216px\" \/><\/p>\n<p><strong>La escuela tiene derecho a r\u00e9plica<\/strong><\/p>\n<p>La instituci\u00f3n educativa tiene la oportunidad de responder a las acusaciones y presentar su versi\u00f3n de los hechos. Este medio se compromete a publicar cualquier respuesta o aclaraci\u00f3n que la escuela desee hacer al respecto, en el marco del derecho a la r\u00e9plica y la b\u00fasqueda de una resoluci\u00f3n constructiva\u00a0del\u00a0conflicto.<\/p>\n","protected":false},"excerpt":{"rendered":"<p>Info general Miercoles 10 de Diciembre de 2025 Una madre de un estudiante de la Escuela 227 Coronel Sime\u00f3n Payba elev\u00f3 una nota a la Supervisora Escolar, Liliana Pe\u00f1alber, expresando su preocupaci\u00f3n por el trato recibido por parte del equipo directivo de la instituci\u00f3n. Seg\u00fan la madre, varios padres y madres han experimentado maltrato verbal, [&hellip;]<\/p>\n","protected":false},"author":2,"featured_media":4770,"comment_status":"open","ping_status":"open","sticky":false,"template":"","format":"standard","meta":{"footnotes":""},"categories":[77],"tags":[],"class_list":{"0":"post-4766","1":"post","2":"type-post","3":"status-publish","4":"format-standard","5":"has-post-thumbnail","7":"category-paso-de-los-libres"},"_links":{"self":[{"href":"https:\/\/elpueblonoticia.com.ar\/web\/wp-json\/wp\/v2\/posts\/4766","targetHints":{"allow":["GET"]}}],"collection":[{"href":"https:\/\/elpueblonoticia.com.ar\/web\/wp-json\/wp\/v2\/posts"}],"about":[{"href":"https:\/\/elpueblonoticia.com.ar\/web\/wp-json\/wp\/v2\/types\/post"}],"author":[{"embeddable":true,"href":"https:\/\/elpueblonoticia.com.ar\/web\/wp-json\/wp\/v2\/users\/2"}],"replies":[{"embeddable":true,"href":"https:\/\/elpueblonoticia.com.ar\/web\/wp-json\/wp\/v2\/comments?post=4766"}],"version-history":[{"count":1,"href":"https:\/\/elpueblonoticia.com.ar\/web\/wp-json\/wp\/v2\/posts\/4766\/revisions"}],"predecessor-version":[{"id":4771,"href":"https:\/\/elpueblonoticia.com.ar\/web\/wp-json\/wp\/v2\/posts\/4766\/revisions\/4771"}],"wp:featuredmedia":[{"embeddable":true,"href":"https:\/\/elpueblonoticia.com.ar\/web\/wp-json\/wp\/v2\/media\/4770"}],"wp:attachment":[{"href":"https:\/\/elpueblonoticia.com.ar\/web\/wp-json\/wp\/v2\/media?parent=4766"}],"wp:term":[{"taxonomy":"category","embeddable":true,"href":"https:\/\/elpueblonoticia.com.ar\/web\/wp-json\/wp\/v2\/categories?post=4766"},{"taxonomy":"post_tag","embeddable":true,"href":"https:\/\/elpueblonoticia.com.ar\/web\/wp-json\/wp\/v2\/tags?post=4766"}],"curies":[{"name":"wp","href":"https:\/\/api.w.org\/{rel}","templated":true}]}}