{"id":4761,"date":"2025-12-10T09:29:16","date_gmt":"2025-12-10T12:29:16","guid":{"rendered":"https:\/\/elpueblonoticia.com.ar\/web\/?p=4761"},"modified":"2025-12-10T09:29:16","modified_gmt":"2025-12-10T12:29:16","slug":"hablo-evelyn-carstens-la-secretaria-parlamentaria-removida-ayer-por-la-camara-de-diputados-de-corrientes","status":"publish","type":"post","link":"https:\/\/elpueblonoticia.com.ar\/web\/2025\/12\/10\/hablo-evelyn-carstens-la-secretaria-parlamentaria-removida-ayer-por-la-camara-de-diputados-de-corrientes\/","title":{"rendered":"Habl\u00f3 Evelyn Carstens: La secretaria parlamentaria removida ayer por la C\u00e1mara de Diputados de Corrientes"},"content":{"rendered":"<p><strong>Politica<\/strong><\/p>\n<p>10 de Diciembre de 2025<\/p>\n<p>&nbsp;<\/p>\n<p>\u201c<b>En una sesi\u00f3n absolutamente irregular, bochornosa y sin precedentes<\/b>\u201d, dijo la abogada Evelyn Karsten en un mensaje que difundi\u00f3 a trav\u00e9s de sus redes sociales.<\/p>\n<p>Tras una controvertida sesi\u00f3n en la ma\u00f1ana de ayer martes 9 de diciembre, donde el oficialismo liderado por la UCR y en sociedad con el peronismo y logrando los dos tercios, removi\u00f3 a toda la secretar\u00eda parlamentaria de la c\u00e1mara baja local, la exfuncionaria parlamentaria emiti\u00f3 un claro y contundente mensaje:<\/p>\n<p>&#8220;<b>En una sesi\u00f3n absolutamente irregular, bochornosa y sin preced<\/b><b>entes, la c\u00e1mara de diputados, cuerpo que honro hace m\u00e1s de 17 a\u00f1os como secretaria, ha decidido removerme a m\u00ed y al prosecretario, violentando el art 59 del Reglamento as\u00ed como el 106 de la constituci\u00f3n provincial. Las causales de remoci\u00f3n son taxativas y hoy decidieron avanzar sin ellas y haciendo votar a diputados que a\u00fan no forman parte del Cuerpo Legislativo. Sin dudas hoy se configur\u00f3 un ataque de lleno a nuestra democracia, donde la \u00fanica gran perdedora fue la instituci\u00f3n. Hemos naturalizado que, por capricho de alguien, el poder del estado se use y se abuse en detrimento de la verdad y por puro revanchismo. Qu\u00e9 importante debo ser, para que lleguen a este extremo de violentarlo absolutamente todo. Se rompieron todos los c\u00f3digos. Siempre confi\u00e9 en que, siendo buena persona, recibir\u00eda lo mismo. Pero no. Solo priman los intereses en un mundo pol\u00edtico inescrupuloso. Pero Dios todo lo ve<\/b>&#8221; cerr\u00f3 la ex funcionaria.<\/p>\n<p><img loading=\"lazy\" decoding=\"async\" class=\"alignnone size-medium wp-image-4762\" src=\"https:\/\/elpueblonoticia.com.ar\/web\/wp-content\/uploads\/2025\/12\/o_1765368620_34245-300x169.jpg\" alt=\"\" width=\"300\" height=\"169\" srcset=\"https:\/\/elpueblonoticia.com.ar\/web\/wp-content\/uploads\/2025\/12\/o_1765368620_34245-300x169.jpg 300w, https:\/\/elpueblonoticia.com.ar\/web\/wp-content\/uploads\/2025\/12\/o_1765368620_34245-1024x576.jpg 1024w, https:\/\/elpueblonoticia.com.ar\/web\/wp-content\/uploads\/2025\/12\/o_1765368620_34245-768x432.jpg 768w, https:\/\/elpueblonoticia.com.ar\/web\/wp-content\/uploads\/2025\/12\/o_1765368620_34245-747x420.jpg 747w, https:\/\/elpueblonoticia.com.ar\/web\/wp-content\/uploads\/2025\/12\/o_1765368620_34245-696x391.jpg 696w, https:\/\/elpueblonoticia.com.ar\/web\/wp-content\/uploads\/2025\/12\/o_1765368620_34245-1068x601.jpg 1068w, https:\/\/elpueblonoticia.com.ar\/web\/wp-content\/uploads\/2025\/12\/o_1765368620_34245.jpg 1179w\" sizes=\"auto, (max-width: 300px) 100vw, 300px\" \/><\/p>\n","protected":false},"excerpt":{"rendered":"<p>Politica 10 de Diciembre de 2025 &nbsp; \u201cEn una sesi\u00f3n absolutamente irregular, bochornosa y sin precedentes\u201d, dijo la abogada Evelyn Karsten en un mensaje que difundi\u00f3 a trav\u00e9s de sus redes sociales. Tras una controvertida sesi\u00f3n en la ma\u00f1ana de ayer martes 9 de diciembre, donde el oficialismo liderado por la UCR y en sociedad [&hellip;]<\/p>\n","protected":false},"author":2,"featured_media":4763,"comment_status":"open","ping_status":"open","sticky":false,"template":"","format":"standard","meta":{"footnotes":""},"categories":[72],"tags":[],"class_list":{"0":"post-4761","1":"post","2":"type-post","3":"status-publish","4":"format-standard","5":"has-post-thumbnail","7":"category-provinciales"},"_links":{"self":[{"href":"https:\/\/elpueblonoticia.com.ar\/web\/wp-json\/wp\/v2\/posts\/4761","targetHints":{"allow":["GET"]}}],"collection":[{"href":"https:\/\/elpueblonoticia.com.ar\/web\/wp-json\/wp\/v2\/posts"}],"about":[{"href":"https:\/\/elpueblonoticia.com.ar\/web\/wp-json\/wp\/v2\/types\/post"}],"author":[{"embeddable":true,"href":"https:\/\/elpueblonoticia.com.ar\/web\/wp-json\/wp\/v2\/users\/2"}],"replies":[{"embeddable":true,"href":"https:\/\/elpueblonoticia.com.ar\/web\/wp-json\/wp\/v2\/comments?post=4761"}],"version-history":[{"count":1,"href":"https:\/\/elpueblonoticia.com.ar\/web\/wp-json\/wp\/v2\/posts\/4761\/revisions"}],"predecessor-version":[{"id":4764,"href":"https:\/\/elpueblonoticia.com.ar\/web\/wp-json\/wp\/v2\/posts\/4761\/revisions\/4764"}],"wp:featuredmedia":[{"embeddable":true,"href":"https:\/\/elpueblonoticia.com.ar\/web\/wp-json\/wp\/v2\/media\/4763"}],"wp:attachment":[{"href":"https:\/\/elpueblonoticia.com.ar\/web\/wp-json\/wp\/v2\/media?parent=4761"}],"wp:term":[{"taxonomy":"category","embeddable":true,"href":"https:\/\/elpueblonoticia.com.ar\/web\/wp-json\/wp\/v2\/categories?post=4761"},{"taxonomy":"post_tag","embeddable":true,"href":"https:\/\/elpueblonoticia.com.ar\/web\/wp-json\/wp\/v2\/tags?post=4761"}],"curies":[{"name":"wp","href":"https:\/\/api.w.org\/{rel}","templated":true}]}}