{"id":4757,"date":"2025-12-10T00:30:11","date_gmt":"2025-12-10T03:30:11","guid":{"rendered":"https:\/\/elpueblonoticia.com.ar\/web\/?p=4757"},"modified":"2025-12-10T00:34:21","modified_gmt":"2025-12-10T03:34:21","slug":"el-concejal-electo-por-eco-es-el-nuevo-presidente-del-consejo-deliberante-de-paso-de-los-libres","status":"publish","type":"post","link":"https:\/\/elpueblonoticia.com.ar\/web\/2025\/12\/10\/el-concejal-electo-por-eco-es-el-nuevo-presidente-del-consejo-deliberante-de-paso-de-los-libres\/","title":{"rendered":"El concejal electo por ECO es el nuevo presidente del Consejo Deliberante de Paso de los LIbres"},"content":{"rendered":"<p><strong>Politica<\/strong><\/p>\n<p>Miercoles 10 de Diciembre de 2025<\/p>\n<div class=\"xdj266r x14z9mp xat24cr x1lziwak x1vvkbs x126k92a\">\n<div dir=\"auto\">Desde el 10 de diciembre de 2025 qued\u00f3 conformado el nuevo Concejo Deliberante de Paso de los Libres, con representantes de distintos espacios pol\u00edticos.<\/div>\n<div dir=\"auto\"><\/div>\n<\/div>\n<div class=\"x14z9mp xat24cr x1lziwak x1vvkbs xtlvy1s x126k92a\">\n<div dir=\"auto\">Los concejales son: Mat\u00edas Almeida (Vamos Corrientes), Miguel Arias (PJ), Dahiana Baldi (PJ), F\u00e9lix Barboza (Vamos Corrientes), C\u00e9sar Bar\u00e9s (PJ), Tania Bonpland (UCR), Marcelo Cuevas (PJ), Mar\u00eda Danuzzo (Vamos Corrientes), Adriana Fern\u00e1ndez (PJ), Susana Espinoza (Vamos Corrientes), Fernando N\u00fa\u00f1ez (Vamos Corrientes), Lisandro Vera (La Libertad Avanza) y Oscar Vischi (Encuentro por Corrientes).<\/div>\n<div dir=\"auto\"><\/div>\n<\/div>\n<div class=\"x14z9mp xat24cr x1lziwak x1vvkbs xtlvy1s x126k92a\">\n<div dir=\"auto\">En la sesi\u00f3n se designaron las autoridades del cuerpo. Jorge Oscar Vischi fue elegido presidente del Concejo Deliberante. La vicepresidencia primera qued\u00f3 en manos de Tania Bonpland y la vicepresidencia segunda ser\u00e1 ejercida por Fernando N\u00fa\u00f1ez.<\/div>\n<div dir=\"auto\"><\/div>\n<div dir=\"auto\">Foto: Facundo Feu<\/div>\n<\/div>\n","protected":false},"excerpt":{"rendered":"<p>Politica Miercoles 10 de Diciembre de 2025 Desde el 10 de diciembre de 2025 qued\u00f3 conformado el nuevo Concejo Deliberante de Paso de los Libres, con representantes de distintos espacios pol\u00edticos. Los concejales son: Mat\u00edas Almeida (Vamos Corrientes), Miguel Arias (PJ), Dahiana Baldi (PJ), F\u00e9lix Barboza (Vamos Corrientes), C\u00e9sar Bar\u00e9s (PJ), Tania Bonpland (UCR), Marcelo [&hellip;]<\/p>\n","protected":false},"author":2,"featured_media":4760,"comment_status":"open","ping_status":"open","sticky":false,"template":"","format":"standard","meta":{"footnotes":""},"categories":[77],"tags":[],"class_list":{"0":"post-4757","1":"post","2":"type-post","3":"status-publish","4":"format-standard","5":"has-post-thumbnail","7":"category-paso-de-los-libres"},"_links":{"self":[{"href":"https:\/\/elpueblonoticia.com.ar\/web\/wp-json\/wp\/v2\/posts\/4757","targetHints":{"allow":["GET"]}}],"collection":[{"href":"https:\/\/elpueblonoticia.com.ar\/web\/wp-json\/wp\/v2\/posts"}],"about":[{"href":"https:\/\/elpueblonoticia.com.ar\/web\/wp-json\/wp\/v2\/types\/post"}],"author":[{"embeddable":true,"href":"https:\/\/elpueblonoticia.com.ar\/web\/wp-json\/wp\/v2\/users\/2"}],"replies":[{"embeddable":true,"href":"https:\/\/elpueblonoticia.com.ar\/web\/wp-json\/wp\/v2\/comments?post=4757"}],"version-history":[{"count":1,"href":"https:\/\/elpueblonoticia.com.ar\/web\/wp-json\/wp\/v2\/posts\/4757\/revisions"}],"predecessor-version":[{"id":4759,"href":"https:\/\/elpueblonoticia.com.ar\/web\/wp-json\/wp\/v2\/posts\/4757\/revisions\/4759"}],"wp:featuredmedia":[{"embeddable":true,"href":"https:\/\/elpueblonoticia.com.ar\/web\/wp-json\/wp\/v2\/media\/4760"}],"wp:attachment":[{"href":"https:\/\/elpueblonoticia.com.ar\/web\/wp-json\/wp\/v2\/media?parent=4757"}],"wp:term":[{"taxonomy":"category","embeddable":true,"href":"https:\/\/elpueblonoticia.com.ar\/web\/wp-json\/wp\/v2\/categories?post=4757"},{"taxonomy":"post_tag","embeddable":true,"href":"https:\/\/elpueblonoticia.com.ar\/web\/wp-json\/wp\/v2\/tags?post=4757"}],"curies":[{"name":"wp","href":"https:\/\/api.w.org\/{rel}","templated":true}]}}