{"id":4746,"date":"2025-12-09T11:23:22","date_gmt":"2025-12-09T14:23:22","guid":{"rendered":"https:\/\/elpueblonoticia.com.ar\/web\/?p=4746"},"modified":"2025-12-09T11:26:58","modified_gmt":"2025-12-09T14:26:58","slug":"agustin-faraldo-y-ana-mino-asumen-la-conduccion-delmunicipio-de-paso-de-los-libres","status":"publish","type":"post","link":"https:\/\/elpueblonoticia.com.ar\/web\/2025\/12\/09\/agustin-faraldo-y-ana-mino-asumen-la-conduccion-delmunicipio-de-paso-de-los-libres\/","title":{"rendered":"Agustin Faraldo y Ana Mi\u00f1o asumen la conducci\u00f3n del municipio de Paso de los LIbres"},"content":{"rendered":"<p><strong>Municipales<\/strong><\/p>\n<p>Martes 9 de Diciembre de 2025<\/p>\n<div class=\"xdj266r x14z9mp xat24cr x1lziwak x1vvkbs x126k92a\">\n<div dir=\"auto\">Paso de los Libres vive hoy la asunci\u00f3n de Agust\u00edn Faraldo como intendente y Ana Mi\u00f1o como viceintendenta, en un acto oficial que tendr\u00e1 lugar a las 19:00 horas en la Plaza Independencia, frente al Palacio Municipal.<\/div>\n<div dir=\"auto\"><\/div>\n<\/div>\n<div class=\"x14z9mp xat24cr x1lziwak x1vvkbs xtlvy1s x126k92a\">\n<div dir=\"auto\">El evento marca el inicio de una nueva etapa de gesti\u00f3n, trabajo y compromiso con la comunidad libre\u00f1a. La ceremonia ser\u00e1 abierta al p\u00fablico, invitando a los vecinos a acompa\u00f1ar este momento institucional que renueva las autoridades municipales y proyecta el rumbo de la ciudad para los pr\u00f3ximos a\u00f1os.<\/div>\n<div dir=\"auto\"><\/div>\n<\/div>\n<div class=\"x14z9mp xat24cr x1lziwak x1vvkbs xtlvy1s x126k92a\">\n<div dir=\"auto\">La nueva conducci\u00f3n municipal destac\u00f3 la importancia de fortalecer el v\u00ednculo con la ciudadan\u00eda y reafirm\u00f3 su compromiso de trabajar \u201cal servicio de cada vecino\u201d, consolidando una administraci\u00f3n cercana y orientada a las necesidades de la comunidad.<\/div>\n<div dir=\"auto\"><\/div>\n<\/div>\n<div class=\"x14z9mp xat24cr x1lziwak x1vvkbs xtlvy1s x126k92a\">\n<div dir=\"auto\">Con el inicio de esta gesti\u00f3n, Paso de los Libres se prepara para una etapa de renovaci\u00f3n, participaci\u00f3n y nuevos desaf\u00edos.<\/div>\n<\/div>\n","protected":false},"excerpt":{"rendered":"<p>Municipales Martes 9 de Diciembre de 2025 Paso de los Libres vive hoy la asunci\u00f3n de Agust\u00edn Faraldo como intendente y Ana Mi\u00f1o como viceintendenta, en un acto oficial que tendr\u00e1 lugar a las 19:00 horas en la Plaza Independencia, frente al Palacio Municipal. El evento marca el inicio de una nueva etapa de gesti\u00f3n, [&hellip;]<\/p>\n","protected":false},"author":2,"featured_media":4747,"comment_status":"open","ping_status":"open","sticky":false,"template":"","format":"standard","meta":{"footnotes":""},"categories":[77],"tags":[],"class_list":{"0":"post-4746","1":"post","2":"type-post","3":"status-publish","4":"format-standard","5":"has-post-thumbnail","7":"category-paso-de-los-libres"},"_links":{"self":[{"href":"https:\/\/elpueblonoticia.com.ar\/web\/wp-json\/wp\/v2\/posts\/4746","targetHints":{"allow":["GET"]}}],"collection":[{"href":"https:\/\/elpueblonoticia.com.ar\/web\/wp-json\/wp\/v2\/posts"}],"about":[{"href":"https:\/\/elpueblonoticia.com.ar\/web\/wp-json\/wp\/v2\/types\/post"}],"author":[{"embeddable":true,"href":"https:\/\/elpueblonoticia.com.ar\/web\/wp-json\/wp\/v2\/users\/2"}],"replies":[{"embeddable":true,"href":"https:\/\/elpueblonoticia.com.ar\/web\/wp-json\/wp\/v2\/comments?post=4746"}],"version-history":[{"count":4,"href":"https:\/\/elpueblonoticia.com.ar\/web\/wp-json\/wp\/v2\/posts\/4746\/revisions"}],"predecessor-version":[{"id":4751,"href":"https:\/\/elpueblonoticia.com.ar\/web\/wp-json\/wp\/v2\/posts\/4746\/revisions\/4751"}],"wp:featuredmedia":[{"embeddable":true,"href":"https:\/\/elpueblonoticia.com.ar\/web\/wp-json\/wp\/v2\/media\/4747"}],"wp:attachment":[{"href":"https:\/\/elpueblonoticia.com.ar\/web\/wp-json\/wp\/v2\/media?parent=4746"}],"wp:term":[{"taxonomy":"category","embeddable":true,"href":"https:\/\/elpueblonoticia.com.ar\/web\/wp-json\/wp\/v2\/categories?post=4746"},{"taxonomy":"post_tag","embeddable":true,"href":"https:\/\/elpueblonoticia.com.ar\/web\/wp-json\/wp\/v2\/tags?post=4746"}],"curies":[{"name":"wp","href":"https:\/\/api.w.org\/{rel}","templated":true}]}}