{"id":4738,"date":"2025-12-07T22:19:38","date_gmt":"2025-12-08T01:19:38","guid":{"rendered":"https:\/\/elpueblonoticia.com.ar\/web\/?p=4738"},"modified":"2025-12-07T22:19:38","modified_gmt":"2025-12-08T01:19:38","slug":"acto-asuncion-intendente-y-viceintendente","status":"publish","type":"post","link":"https:\/\/elpueblonoticia.com.ar\/web\/2025\/12\/07\/acto-asuncion-intendente-y-viceintendente\/","title":{"rendered":"ACTO ASUNCI\u00d3N INTENDENTE Y VICEINTENDENTE"},"content":{"rendered":"<p style=\"font-weight: 400;\">El pr\u00f3ximo martes 9 de diciembre a las 20,00 horas se realizar\u00e1 la Sesi\u00f3n Especial del HCD. Tal como establece el art\u00edculo 78 inc. 5\u00ba de la Carta Org\u00e1nica Municipal. Acto de toma de juramento a las autoridades del DEM, consagradas en la elecci\u00f3n del pasado 31 de agosto.<\/p>\n<p style=\"font-weight: 400;\">En plaza Mitre se realizar\u00e1 la ceremonia, donde el Doctor Mariano Hormaechea Intendente reelecto, prestar\u00e1 juramento como m\u00e1xima autoridad municipal, para el periodo 2025- 2029. En el mismo acontecimiento el Contador Sebasti\u00e1n Mazzaro asumir\u00e1 como Viceintendente municipal.<\/p>\n<p style=\"font-weight: 400;\">Acto seguido el Intendente Doctor Mariano Hormaechea tomar\u00e1 juramento a Secretarios y Subsecretarios que conformar\u00e1n el nuevo gabinete para la pr\u00f3xima gesti\u00f3n municipal.<\/p>\n","protected":false},"excerpt":{"rendered":"<p>El pr\u00f3ximo martes 9 de diciembre a las 20,00 horas se realizar\u00e1 la Sesi\u00f3n Especial del HCD. Tal como establece el art\u00edculo 78 inc. 5\u00ba de la Carta Org\u00e1nica Municipal. Acto de toma de juramento a las autoridades del DEM, consagradas en la elecci\u00f3n del pasado 31 de agosto. En plaza Mitre se realizar\u00e1 la [&hellip;]<\/p>\n","protected":false},"author":2,"featured_media":4739,"comment_status":"open","ping_status":"open","sticky":false,"template":"","format":"standard","meta":{"footnotes":""},"categories":[56],"tags":[],"class_list":{"0":"post-4738","1":"post","2":"type-post","3":"status-publish","4":"format-standard","5":"has-post-thumbnail","7":"category-locales"},"_links":{"self":[{"href":"https:\/\/elpueblonoticia.com.ar\/web\/wp-json\/wp\/v2\/posts\/4738","targetHints":{"allow":["GET"]}}],"collection":[{"href":"https:\/\/elpueblonoticia.com.ar\/web\/wp-json\/wp\/v2\/posts"}],"about":[{"href":"https:\/\/elpueblonoticia.com.ar\/web\/wp-json\/wp\/v2\/types\/post"}],"author":[{"embeddable":true,"href":"https:\/\/elpueblonoticia.com.ar\/web\/wp-json\/wp\/v2\/users\/2"}],"replies":[{"embeddable":true,"href":"https:\/\/elpueblonoticia.com.ar\/web\/wp-json\/wp\/v2\/comments?post=4738"}],"version-history":[{"count":1,"href":"https:\/\/elpueblonoticia.com.ar\/web\/wp-json\/wp\/v2\/posts\/4738\/revisions"}],"predecessor-version":[{"id":4740,"href":"https:\/\/elpueblonoticia.com.ar\/web\/wp-json\/wp\/v2\/posts\/4738\/revisions\/4740"}],"wp:featuredmedia":[{"embeddable":true,"href":"https:\/\/elpueblonoticia.com.ar\/web\/wp-json\/wp\/v2\/media\/4739"}],"wp:attachment":[{"href":"https:\/\/elpueblonoticia.com.ar\/web\/wp-json\/wp\/v2\/media?parent=4738"}],"wp:term":[{"taxonomy":"category","embeddable":true,"href":"https:\/\/elpueblonoticia.com.ar\/web\/wp-json\/wp\/v2\/categories?post=4738"},{"taxonomy":"post_tag","embeddable":true,"href":"https:\/\/elpueblonoticia.com.ar\/web\/wp-json\/wp\/v2\/tags?post=4738"}],"curies":[{"name":"wp","href":"https:\/\/api.w.org\/{rel}","templated":true}]}}