{"id":4732,"date":"2025-12-07T22:16:20","date_gmt":"2025-12-08T01:16:20","guid":{"rendered":"https:\/\/elpueblonoticia.com.ar\/web\/?p=4732"},"modified":"2025-12-07T22:16:20","modified_gmt":"2025-12-08T01:16:20","slug":"provincial-de-mini-atletismo-2025-en-bella-vista-destacada-actuacion-de-la-escuela-municipal-de-atletismo","status":"publish","type":"post","link":"https:\/\/elpueblonoticia.com.ar\/web\/2025\/12\/07\/provincial-de-mini-atletismo-2025-en-bella-vista-destacada-actuacion-de-la-escuela-municipal-de-atletismo\/","title":{"rendered":"Provincial de Mini Atletismo 2025 en Bella Vista DESTACADA ACTUACI\u00d3N DE LA ESCUELA MUNICIPAL DE ATLETISMO"},"content":{"rendered":"<p style=\"font-weight: 400;\"><img loading=\"lazy\" decoding=\"async\" class=\"alignnone size-medium wp-image-4734\" src=\"https:\/\/elpueblonoticia.com.ar\/web\/wp-content\/uploads\/2025\/12\/copy_99C89552-8AF0-47F3-AFB2-C654B4DD5391-300x300.png\" alt=\"\" width=\"300\" height=\"300\" srcset=\"https:\/\/elpueblonoticia.com.ar\/web\/wp-content\/uploads\/2025\/12\/copy_99C89552-8AF0-47F3-AFB2-C654B4DD5391-300x300.png 300w, https:\/\/elpueblonoticia.com.ar\/web\/wp-content\/uploads\/2025\/12\/copy_99C89552-8AF0-47F3-AFB2-C654B4DD5391-1024x1024.png 1024w, https:\/\/elpueblonoticia.com.ar\/web\/wp-content\/uploads\/2025\/12\/copy_99C89552-8AF0-47F3-AFB2-C654B4DD5391-150x150.png 150w, https:\/\/elpueblonoticia.com.ar\/web\/wp-content\/uploads\/2025\/12\/copy_99C89552-8AF0-47F3-AFB2-C654B4DD5391-768x768.png 768w, https:\/\/elpueblonoticia.com.ar\/web\/wp-content\/uploads\/2025\/12\/copy_99C89552-8AF0-47F3-AFB2-C654B4DD5391-420x420.png 420w, https:\/\/elpueblonoticia.com.ar\/web\/wp-content\/uploads\/2025\/12\/copy_99C89552-8AF0-47F3-AFB2-C654B4DD5391-696x696.png 696w, https:\/\/elpueblonoticia.com.ar\/web\/wp-content\/uploads\/2025\/12\/copy_99C89552-8AF0-47F3-AFB2-C654B4DD5391-1068x1068.png 1068w, https:\/\/elpueblonoticia.com.ar\/web\/wp-content\/uploads\/2025\/12\/copy_99C89552-8AF0-47F3-AFB2-C654B4DD5391.png 1080w\" sizes=\"auto, (max-width: 300px) 100vw, 300px\" \/><br \/>\nLa Escuela Municipal de Atletismo tuvo una destacada participaci\u00f3n en el Torneo Provincial de Mini Atletismo realizado en la ciudad de Bella Vista. Una numerosa delegaci\u00f3n de ni\u00f1as y ni\u00f1os represent\u00f3 a nuestra escuelita, mostrando entusiasmo, alegr\u00eda y un gran nivel deportivo.<\/p>\n<p style=\"font-weight: 400;\">\n<p style=\"font-weight: 400;\">Los peques disfrutaron de una jornada llena de juegos atl\u00e9ticos, pruebas adaptadas y mucho compa\u00f1erismo, donde el objetivo principal fue aprender, divertirse y seguir creciendo dentro del atletismo. La participaci\u00f3n fue amplia y muy positiva, reforzando los valores de la actividad f\u00edsica, el trabajo en equipo y la formaci\u00f3n deportiva desde edades tempranas.<\/p>\n<p style=\"font-weight: 400;\">\n<p style=\"font-weight: 400;\">Participaron del torneo diferentes escuelas de atletismo de la provincia.<\/p>\n<p style=\"font-weight: 400;\">&#8211; Goya Atletismo (goya)<\/p>\n<p style=\"font-weight: 400;\">&#8211; Modo Runner (goya)<\/p>\n<p style=\"font-weight: 400;\">&#8211; Club Atenas (goya)<\/p>\n<p style=\"font-weight: 400;\">&#8211; Atletismo Bella Vista (bella vista)<\/p>\n<p style=\"font-weight: 400;\">&#8211; Corrientes Corre (capital)<\/p>\n<p style=\"font-weight: 400;\">\n<p style=\"font-weight: 400;\">Vale agregar que en las obtenciones de logros del atletismo municipal se destaca el t\u00edtulo de campe\u00f3n obtenido por Brian Ortiz en la categor\u00eda de 6 y 7 a\u00f1os, sumando varios podios adem\u00e1s de la categor\u00eda 6-7 a\u00f1os en la de 8 y 9 a\u00f1os evidenciando el notable crecimiento de la actividad y el trabajo de la Escuela Municipal.<\/p>\n<p style=\"font-weight: 400;\">Desde la Escuela Municipal de Atletismo felicitan a todas las familias, profesores y a la organizaci\u00f3n del torneo por una jornada ejemplar y llena de energ\u00eda. La escuelita sigue creciendo y representando con orgullo a nuestra ciudad en cada evento.<\/p>\n","protected":false},"excerpt":{"rendered":"<p>La Escuela Municipal de Atletismo tuvo una destacada participaci\u00f3n en el Torneo Provincial de Mini Atletismo realizado en la ciudad de Bella Vista. Una numerosa delegaci\u00f3n de ni\u00f1as y ni\u00f1os represent\u00f3 a nuestra escuelita, mostrando entusiasmo, alegr\u00eda y un gran nivel deportivo. Los peques disfrutaron de una jornada llena de juegos atl\u00e9ticos, pruebas adaptadas y [&hellip;]<\/p>\n","protected":false},"author":2,"featured_media":4733,"comment_status":"open","ping_status":"open","sticky":false,"template":"","format":"standard","meta":{"footnotes":""},"categories":[76],"tags":[],"class_list":{"0":"post-4732","1":"post","2":"type-post","3":"status-publish","4":"format-standard","5":"has-post-thumbnail","7":"category-deportes"},"_links":{"self":[{"href":"https:\/\/elpueblonoticia.com.ar\/web\/wp-json\/wp\/v2\/posts\/4732","targetHints":{"allow":["GET"]}}],"collection":[{"href":"https:\/\/elpueblonoticia.com.ar\/web\/wp-json\/wp\/v2\/posts"}],"about":[{"href":"https:\/\/elpueblonoticia.com.ar\/web\/wp-json\/wp\/v2\/types\/post"}],"author":[{"embeddable":true,"href":"https:\/\/elpueblonoticia.com.ar\/web\/wp-json\/wp\/v2\/users\/2"}],"replies":[{"embeddable":true,"href":"https:\/\/elpueblonoticia.com.ar\/web\/wp-json\/wp\/v2\/comments?post=4732"}],"version-history":[{"count":1,"href":"https:\/\/elpueblonoticia.com.ar\/web\/wp-json\/wp\/v2\/posts\/4732\/revisions"}],"predecessor-version":[{"id":4735,"href":"https:\/\/elpueblonoticia.com.ar\/web\/wp-json\/wp\/v2\/posts\/4732\/revisions\/4735"}],"wp:featuredmedia":[{"embeddable":true,"href":"https:\/\/elpueblonoticia.com.ar\/web\/wp-json\/wp\/v2\/media\/4733"}],"wp:attachment":[{"href":"https:\/\/elpueblonoticia.com.ar\/web\/wp-json\/wp\/v2\/media?parent=4732"}],"wp:term":[{"taxonomy":"category","embeddable":true,"href":"https:\/\/elpueblonoticia.com.ar\/web\/wp-json\/wp\/v2\/categories?post=4732"},{"taxonomy":"post_tag","embeddable":true,"href":"https:\/\/elpueblonoticia.com.ar\/web\/wp-json\/wp\/v2\/tags?post=4732"}],"curies":[{"name":"wp","href":"https:\/\/api.w.org\/{rel}","templated":true}]}}