{"id":4726,"date":"2025-12-07T22:08:30","date_gmt":"2025-12-08T01:08:30","guid":{"rendered":"https:\/\/elpueblonoticia.com.ar\/web\/?p=4726"},"modified":"2025-12-07T22:08:30","modified_gmt":"2025-12-08T01:08:30","slug":"cierre-cultural-literario-en-casa-de-la-cultura","status":"publish","type":"post","link":"https:\/\/elpueblonoticia.com.ar\/web\/2025\/12\/07\/cierre-cultural-literario-en-casa-de-la-cultura\/","title":{"rendered":"CIERRE CULTURAL LITERARIO EN CASA DE LA CULTURA"},"content":{"rendered":"<p style=\"font-weight: 400;\"><img loading=\"lazy\" decoding=\"async\" class=\"alignnone size-medium wp-image-4728\" src=\"https:\/\/elpueblonoticia.com.ar\/web\/wp-content\/uploads\/2025\/12\/copy_9533455B-F060-439D-B8FC-8BDE1B4E3052-300x300.png\" alt=\"\" width=\"300\" height=\"300\" srcset=\"https:\/\/elpueblonoticia.com.ar\/web\/wp-content\/uploads\/2025\/12\/copy_9533455B-F060-439D-B8FC-8BDE1B4E3052-300x300.png 300w, https:\/\/elpueblonoticia.com.ar\/web\/wp-content\/uploads\/2025\/12\/copy_9533455B-F060-439D-B8FC-8BDE1B4E3052-1024x1024.png 1024w, https:\/\/elpueblonoticia.com.ar\/web\/wp-content\/uploads\/2025\/12\/copy_9533455B-F060-439D-B8FC-8BDE1B4E3052-150x150.png 150w, https:\/\/elpueblonoticia.com.ar\/web\/wp-content\/uploads\/2025\/12\/copy_9533455B-F060-439D-B8FC-8BDE1B4E3052-768x768.png 768w, https:\/\/elpueblonoticia.com.ar\/web\/wp-content\/uploads\/2025\/12\/copy_9533455B-F060-439D-B8FC-8BDE1B4E3052-420x420.png 420w, https:\/\/elpueblonoticia.com.ar\/web\/wp-content\/uploads\/2025\/12\/copy_9533455B-F060-439D-B8FC-8BDE1B4E3052-696x696.png 696w, https:\/\/elpueblonoticia.com.ar\/web\/wp-content\/uploads\/2025\/12\/copy_9533455B-F060-439D-B8FC-8BDE1B4E3052-1068x1068.png 1068w, https:\/\/elpueblonoticia.com.ar\/web\/wp-content\/uploads\/2025\/12\/copy_9533455B-F060-439D-B8FC-8BDE1B4E3052.png 1080w\" sizes=\"auto, (max-width: 300px) 100vw, 300px\" \/><br \/>\nEl periodista, escritor y veterano de Guerra de Malvinas Ram\u00f3n Orlando Mendoza en la noche del s\u00e1bado 6 de diciembre cerr\u00f3 el proyecto cultural en Casa de la Cultura con la presentaci\u00f3n de sus obras &#8220;El parnaso correntino I y II&#8221; y &#8220;Mate cosido, el terror de las multinacionales\u201d.<\/p>\n<p style=\"font-weight: 400;\">\n<p style=\"font-weight: 400;\">La velada convertida en Pe\u00f1a musical y literaria cont\u00f3 con el acompa\u00f1amiento del Director de Cultura Manuel Zampar, de la presidente de la Biblioteca Popular Domingo F Sarmiento Marisa Laura B\u00e1ez, amigos del autor, personalidades del ambiente art\u00edstico, cultural, hist\u00f3rico de la ciudad de Goya, p\u00fablico en general.<\/p>\n<p style=\"font-weight: 400;\">\n<p style=\"font-weight: 400;\">El escritor y periodista Ram\u00f3n Orlando Mendoza recibi\u00f3 de parte del Director de Cultura la Copia de la Disposici\u00f3n por la cual se estableci\u00f3 declarar de inter\u00e9s cultural la realizaci\u00f3n de la pe\u00f1a literaria y presentaci\u00f3n de las obras del autor en Casa de la Cultura.<\/p>\n<p style=\"font-weight: 400;\">\n<p style=\"font-weight: 400;\">Una novedosa propuesta del escritor que para el an\u00e1lisis de una de sus obras cont\u00f3 con el aporte de Marisa B\u00e1ez, su agradecimiento a los presentes por compartir este proyecto cultural de revalidar la historia de corrientes, sus personajes con el prop\u00f3sito de conservar la memoria colectiva, fue la invitaci\u00f3n a sumarse a esa \u201cpe\u00f1a literaria\u201d con el recitado de diferentes obras de autores correntinos muchos de ellos recopilados en sus trabajos de investigaci\u00f3n y publicadas en sus obras, por citar a algunos al Director de Cultura Manuel Zampar que fue invitado a declamar una poes\u00eda de Florencio Godoy Cruz \u201cInvocaci\u00f3n al Paran\u00e1\u201d .Variadas voces dieron vida a la po\u00e9tica de los distintos poetas reunidos all\u00ed<\/p>\n<p style=\"font-weight: 400;\">Otros de los gestos del autor la donaci\u00f3n de sus obras a la Biblioteca Popular \u201cDomingo F Sarmiento\u201d<\/p>\n<p style=\"font-weight: 400;\">La noche se hizo m\u00fasica con las interpretaciones de Ricardito Silva junto a su nieto Ignacio Lopez Silva, m\u00e1s el aporte del d\u00fao chamamecero Tuky Ortiz y Rub\u00e9n Olmedo.<\/p>\n<p style=\"font-weight: 400;\">\n<p style=\"font-weight: 400;\">Una hermosa velada la experimentada en la Pe\u00f1a Literaria el s\u00e1bado en Casa de la Cultura.<\/p>\n","protected":false},"excerpt":{"rendered":"<p>El periodista, escritor y veterano de Guerra de Malvinas Ram\u00f3n Orlando Mendoza en la noche del s\u00e1bado 6 de diciembre cerr\u00f3 el proyecto cultural en Casa de la Cultura con la presentaci\u00f3n de sus obras &#8220;El parnaso correntino I y II&#8221; y &#8220;Mate cosido, el terror de las multinacionales\u201d. La velada convertida en Pe\u00f1a musical [&hellip;]<\/p>\n","protected":false},"author":2,"featured_media":4727,"comment_status":"open","ping_status":"open","sticky":false,"template":"","format":"standard","meta":{"footnotes":""},"categories":[56],"tags":[],"class_list":{"0":"post-4726","1":"post","2":"type-post","3":"status-publish","4":"format-standard","5":"has-post-thumbnail","7":"category-locales"},"_links":{"self":[{"href":"https:\/\/elpueblonoticia.com.ar\/web\/wp-json\/wp\/v2\/posts\/4726","targetHints":{"allow":["GET"]}}],"collection":[{"href":"https:\/\/elpueblonoticia.com.ar\/web\/wp-json\/wp\/v2\/posts"}],"about":[{"href":"https:\/\/elpueblonoticia.com.ar\/web\/wp-json\/wp\/v2\/types\/post"}],"author":[{"embeddable":true,"href":"https:\/\/elpueblonoticia.com.ar\/web\/wp-json\/wp\/v2\/users\/2"}],"replies":[{"embeddable":true,"href":"https:\/\/elpueblonoticia.com.ar\/web\/wp-json\/wp\/v2\/comments?post=4726"}],"version-history":[{"count":1,"href":"https:\/\/elpueblonoticia.com.ar\/web\/wp-json\/wp\/v2\/posts\/4726\/revisions"}],"predecessor-version":[{"id":4729,"href":"https:\/\/elpueblonoticia.com.ar\/web\/wp-json\/wp\/v2\/posts\/4726\/revisions\/4729"}],"wp:featuredmedia":[{"embeddable":true,"href":"https:\/\/elpueblonoticia.com.ar\/web\/wp-json\/wp\/v2\/media\/4727"}],"wp:attachment":[{"href":"https:\/\/elpueblonoticia.com.ar\/web\/wp-json\/wp\/v2\/media?parent=4726"}],"wp:term":[{"taxonomy":"category","embeddable":true,"href":"https:\/\/elpueblonoticia.com.ar\/web\/wp-json\/wp\/v2\/categories?post=4726"},{"taxonomy":"post_tag","embeddable":true,"href":"https:\/\/elpueblonoticia.com.ar\/web\/wp-json\/wp\/v2\/tags?post=4726"}],"curies":[{"name":"wp","href":"https:\/\/api.w.org\/{rel}","templated":true}]}}