{"id":4721,"date":"2025-12-07T22:01:45","date_gmt":"2025-12-08T01:01:45","guid":{"rendered":"https:\/\/elpueblonoticia.com.ar\/web\/?p=4721"},"modified":"2025-12-07T22:01:45","modified_gmt":"2025-12-08T01:01:45","slug":"acto-homenaje-primer-aniversario-del-fallecimiento-del-ex-rector-isg-dr-daniel-lesteime","status":"publish","type":"post","link":"https:\/\/elpueblonoticia.com.ar\/web\/2025\/12\/07\/acto-homenaje-primer-aniversario-del-fallecimiento-del-ex-rector-isg-dr-daniel-lesteime\/","title":{"rendered":"ACTO HOMENAJE PRIMER ANIVERSARIO DEL FALLECIMIENTO DEL EX RECTOR ISG DR DANIEL LESTEIME"},"content":{"rendered":"<p><img loading=\"lazy\" decoding=\"async\" class=\"alignnone size-medium wp-image-4723\" src=\"https:\/\/elpueblonoticia.com.ar\/web\/wp-content\/uploads\/2025\/12\/acto-homenaje-a-Dr-Lesteime-2-ilustracion-241x300.jpeg\" alt=\"\" width=\"241\" height=\"300\" srcset=\"https:\/\/elpueblonoticia.com.ar\/web\/wp-content\/uploads\/2025\/12\/acto-homenaje-a-Dr-Lesteime-2-ilustracion-241x300.jpeg 241w, https:\/\/elpueblonoticia.com.ar\/web\/wp-content\/uploads\/2025\/12\/acto-homenaje-a-Dr-Lesteime-2-ilustracion-822x1024.jpeg 822w, https:\/\/elpueblonoticia.com.ar\/web\/wp-content\/uploads\/2025\/12\/acto-homenaje-a-Dr-Lesteime-2-ilustracion-768x957.jpeg 768w, https:\/\/elpueblonoticia.com.ar\/web\/wp-content\/uploads\/2025\/12\/acto-homenaje-a-Dr-Lesteime-2-ilustracion-337x420.jpeg 337w, https:\/\/elpueblonoticia.com.ar\/web\/wp-content\/uploads\/2025\/12\/acto-homenaje-a-Dr-Lesteime-2-ilustracion-696x867.jpeg 696w, https:\/\/elpueblonoticia.com.ar\/web\/wp-content\/uploads\/2025\/12\/acto-homenaje-a-Dr-Lesteime-2-ilustracion.jpeg 1027w\" sizes=\"auto, (max-width: 241px) 100vw, 241px\" \/><br \/>\nEl referido acto se realizar\u00e1 en la Sede del Instituto Superior Goya, el pr\u00f3ximo mi\u00e9rcoles 10 de diciembre a las 8 horas.<\/p>\n<p>La Rectora del ISG Profesora Anabela Quiroga invita a participar del acto homenaje por el primer aniversario del fallecimiento del Ex Rector Dr. Daniel Lesteime.<\/p>\n<p>El mismo se realizar\u00e1 el mi\u00e9rcoles 10 de diciembre en el local escolar, sito en \u00d1aemb\u00e9 y Polic\u00eda Federal, en el Sal\u00f3n Norte, desde las 8 horas, con el siguiente: Programa<\/p>\n<p>\u27a2 Palabras de un docente<\/p>\n<p>\u27a2 Video Institucional<\/p>\n<p>\u27a2 Palabras de la Rectora<\/p>\n","protected":false},"excerpt":{"rendered":"<p>El referido acto se realizar\u00e1 en la Sede del Instituto Superior Goya, el pr\u00f3ximo mi\u00e9rcoles 10 de diciembre a las 8 horas. La Rectora del ISG Profesora Anabela Quiroga invita a participar del acto homenaje por el primer aniversario del fallecimiento del Ex Rector Dr. Daniel Lesteime. El mismo se realizar\u00e1 el mi\u00e9rcoles 10 de [&hellip;]<\/p>\n","protected":false},"author":2,"featured_media":4722,"comment_status":"open","ping_status":"open","sticky":false,"template":"","format":"standard","meta":{"footnotes":""},"categories":[56],"tags":[],"class_list":{"0":"post-4721","1":"post","2":"type-post","3":"status-publish","4":"format-standard","5":"has-post-thumbnail","7":"category-locales"},"_links":{"self":[{"href":"https:\/\/elpueblonoticia.com.ar\/web\/wp-json\/wp\/v2\/posts\/4721","targetHints":{"allow":["GET"]}}],"collection":[{"href":"https:\/\/elpueblonoticia.com.ar\/web\/wp-json\/wp\/v2\/posts"}],"about":[{"href":"https:\/\/elpueblonoticia.com.ar\/web\/wp-json\/wp\/v2\/types\/post"}],"author":[{"embeddable":true,"href":"https:\/\/elpueblonoticia.com.ar\/web\/wp-json\/wp\/v2\/users\/2"}],"replies":[{"embeddable":true,"href":"https:\/\/elpueblonoticia.com.ar\/web\/wp-json\/wp\/v2\/comments?post=4721"}],"version-history":[{"count":1,"href":"https:\/\/elpueblonoticia.com.ar\/web\/wp-json\/wp\/v2\/posts\/4721\/revisions"}],"predecessor-version":[{"id":4724,"href":"https:\/\/elpueblonoticia.com.ar\/web\/wp-json\/wp\/v2\/posts\/4721\/revisions\/4724"}],"wp:featuredmedia":[{"embeddable":true,"href":"https:\/\/elpueblonoticia.com.ar\/web\/wp-json\/wp\/v2\/media\/4722"}],"wp:attachment":[{"href":"https:\/\/elpueblonoticia.com.ar\/web\/wp-json\/wp\/v2\/media?parent=4721"}],"wp:term":[{"taxonomy":"category","embeddable":true,"href":"https:\/\/elpueblonoticia.com.ar\/web\/wp-json\/wp\/v2\/categories?post=4721"},{"taxonomy":"post_tag","embeddable":true,"href":"https:\/\/elpueblonoticia.com.ar\/web\/wp-json\/wp\/v2\/tags?post=4721"}],"curies":[{"name":"wp","href":"https:\/\/api.w.org\/{rel}","templated":true}]}}