{"id":4712,"date":"2025-12-07T20:07:50","date_gmt":"2025-12-07T23:07:50","guid":{"rendered":"https:\/\/elpueblonoticia.com.ar\/web\/?p=4712"},"modified":"2025-12-07T20:07:50","modified_gmt":"2025-12-07T23:07:50","slug":"goya-se-prepara-para-recibir-la-navidad","status":"publish","type":"post","link":"https:\/\/elpueblonoticia.com.ar\/web\/2025\/12\/07\/goya-se-prepara-para-recibir-la-navidad\/","title":{"rendered":"GOYA  SE PREPARA PARA RECIBIR LA NAVIDAD"},"content":{"rendered":"<p style=\"font-weight: 400;\"><img loading=\"lazy\" decoding=\"async\" class=\"alignnone size-medium wp-image-4714\" src=\"https:\/\/elpueblonoticia.com.ar\/web\/wp-content\/uploads\/2025\/12\/copy_81247C05-F651-4D78-B615-69E773906995-300x300.png\" alt=\"\" width=\"300\" height=\"300\" srcset=\"https:\/\/elpueblonoticia.com.ar\/web\/wp-content\/uploads\/2025\/12\/copy_81247C05-F651-4D78-B615-69E773906995-300x300.png 300w, https:\/\/elpueblonoticia.com.ar\/web\/wp-content\/uploads\/2025\/12\/copy_81247C05-F651-4D78-B615-69E773906995-1024x1024.png 1024w, https:\/\/elpueblonoticia.com.ar\/web\/wp-content\/uploads\/2025\/12\/copy_81247C05-F651-4D78-B615-69E773906995-150x150.png 150w, https:\/\/elpueblonoticia.com.ar\/web\/wp-content\/uploads\/2025\/12\/copy_81247C05-F651-4D78-B615-69E773906995-768x768.png 768w, https:\/\/elpueblonoticia.com.ar\/web\/wp-content\/uploads\/2025\/12\/copy_81247C05-F651-4D78-B615-69E773906995-420x420.png 420w, https:\/\/elpueblonoticia.com.ar\/web\/wp-content\/uploads\/2025\/12\/copy_81247C05-F651-4D78-B615-69E773906995-696x696.png 696w, https:\/\/elpueblonoticia.com.ar\/web\/wp-content\/uploads\/2025\/12\/copy_81247C05-F651-4D78-B615-69E773906995-1068x1068.png 1068w, https:\/\/elpueblonoticia.com.ar\/web\/wp-content\/uploads\/2025\/12\/copy_81247C05-F651-4D78-B615-69E773906995.png 1080w\" sizes=\"auto, (max-width: 300px) 100vw, 300px\" \/><br \/>\nLa Municipalidad de Goya a trav\u00e9s de diferentes \u00e1reas trabaja en Plaza Mitre en la preparaci\u00f3n del \u00e1rbol de navidad que se encender\u00e1 este lunes 8 de diciembre, a las 21 horas.<\/p>\n<p style=\"font-weight: 400;\">\n<p style=\"font-weight: 400;\">Las \u00e1reas municipales durante la semana han desplegado acciones tendientes a la ornamentaci\u00f3n del tradicional \u00e1rbol de navidad, con las luces, estrella y cada elemento que simboliza el esp\u00edritu navide\u00f1o para poder encender juntos municipio y vecinos el s\u00edmbolo caracter\u00edstico de esta tradicional celebraci\u00f3n; la Navidad.<\/p>\n<p style=\"font-weight: 400;\">\n<p style=\"font-weight: 400;\">La elecci\u00f3n del 8 de diciembre no es casual, sino que est\u00e1 directamente asociada a la celebraci\u00f3n del D\u00eda de la Inmaculada Concepci\u00f3n de Mar\u00eda. Esta es una festividad religiosa clave para la Iglesia Cat\u00f3lica con un fuerte arraigo cultural y religioso, lo que la convierte en un momento especial para iniciar los preparativos navide\u00f1os.<\/p>\n<p style=\"font-weight: 400;\">\n<p style=\"font-weight: 400;\">El armado del arbolito de Navidad simboliza el per\u00edodo de preparaci\u00f3n para celebrar el nacimiento de Jes\u00fas. Aunque esta costumbre tiene sus ra\u00edces en la religi\u00f3n, con el tiempo se ha popularizado como una tradici\u00f3n familiar y cultural, m\u00e1s all\u00e1 del aspecto religioso.<\/p>\n<p style=\"font-weight: 400;\">\n<p style=\"font-weight: 400;\">Como un s\u00edmbolo de encuentro, se realiza esta acci\u00f3n del armado y encendido del \u00e1rbol de navidad, con esos valores arraigados la Municipalidad adhiere a esta celebraci\u00f3n otorgando la val\u00eda de la tradici\u00f3n, convirtiendo en una celebraci\u00f3n comunitaria que reunir\u00e1 desde el arte el teatro y el canto con la recreaci\u00f3n de la obra La Sagrada Familia sumando la presencia de los coros de la Iglesia Catedral y el Infanto Juvenil de la Municipalidad de Goya.<\/p>\n<p style=\"font-weight: 400;\">\n<p style=\"font-weight: 400;\">El lunes 8 es el d\u00eda para la convocatoria comunitaria en Plaza Mitre, a las 21 horas.<\/p>\n","protected":false},"excerpt":{"rendered":"<p>La Municipalidad de Goya a trav\u00e9s de diferentes \u00e1reas trabaja en Plaza Mitre en la preparaci\u00f3n del \u00e1rbol de navidad que se encender\u00e1 este lunes 8 de diciembre, a las 21 horas. Las \u00e1reas municipales durante la semana han desplegado acciones tendientes a la ornamentaci\u00f3n del tradicional \u00e1rbol de navidad, con las luces, estrella y [&hellip;]<\/p>\n","protected":false},"author":2,"featured_media":4713,"comment_status":"open","ping_status":"open","sticky":false,"template":"","format":"standard","meta":{"footnotes":""},"categories":[56],"tags":[],"class_list":{"0":"post-4712","1":"post","2":"type-post","3":"status-publish","4":"format-standard","5":"has-post-thumbnail","7":"category-locales"},"_links":{"self":[{"href":"https:\/\/elpueblonoticia.com.ar\/web\/wp-json\/wp\/v2\/posts\/4712","targetHints":{"allow":["GET"]}}],"collection":[{"href":"https:\/\/elpueblonoticia.com.ar\/web\/wp-json\/wp\/v2\/posts"}],"about":[{"href":"https:\/\/elpueblonoticia.com.ar\/web\/wp-json\/wp\/v2\/types\/post"}],"author":[{"embeddable":true,"href":"https:\/\/elpueblonoticia.com.ar\/web\/wp-json\/wp\/v2\/users\/2"}],"replies":[{"embeddable":true,"href":"https:\/\/elpueblonoticia.com.ar\/web\/wp-json\/wp\/v2\/comments?post=4712"}],"version-history":[{"count":1,"href":"https:\/\/elpueblonoticia.com.ar\/web\/wp-json\/wp\/v2\/posts\/4712\/revisions"}],"predecessor-version":[{"id":4715,"href":"https:\/\/elpueblonoticia.com.ar\/web\/wp-json\/wp\/v2\/posts\/4712\/revisions\/4715"}],"wp:featuredmedia":[{"embeddable":true,"href":"https:\/\/elpueblonoticia.com.ar\/web\/wp-json\/wp\/v2\/media\/4713"}],"wp:attachment":[{"href":"https:\/\/elpueblonoticia.com.ar\/web\/wp-json\/wp\/v2\/media?parent=4712"}],"wp:term":[{"taxonomy":"category","embeddable":true,"href":"https:\/\/elpueblonoticia.com.ar\/web\/wp-json\/wp\/v2\/categories?post=4712"},{"taxonomy":"post_tag","embeddable":true,"href":"https:\/\/elpueblonoticia.com.ar\/web\/wp-json\/wp\/v2\/tags?post=4712"}],"curies":[{"name":"wp","href":"https:\/\/api.w.org\/{rel}","templated":true}]}}