{"id":4701,"date":"2025-12-04T22:01:34","date_gmt":"2025-12-05T01:01:34","guid":{"rendered":"https:\/\/elpueblonoticia.com.ar\/web\/?p=4701"},"modified":"2025-12-04T22:01:34","modified_gmt":"2025-12-05T01:01:34","slug":"la-policia-logro-recuperar-un-telefono-celular-robado-y-aprehendio-al-autor-del-hecho","status":"publish","type":"post","link":"https:\/\/elpueblonoticia.com.ar\/web\/2025\/12\/04\/la-policia-logro-recuperar-un-telefono-celular-robado-y-aprehendio-al-autor-del-hecho\/","title":{"rendered":"La Polic\u00eda logr\u00f3 recuperar un tel\u00e9fono celular robado y aprehendi\u00f3 al autor del hecho"},"content":{"rendered":"<p><strong>Policialas<\/strong><\/p>\n<p>Jueves 4 de Diciembre de 2025<\/p>\n<h3>En horas de la noche de ayer 03 de diciembre, efectivos policiales de la Comisar\u00eda de distrito segunda de Paso de los Libres.<\/h3>\n<div>En colaboraci\u00f3n con la unidad fiscal interviniente, tras un r\u00e1pido\u00a0y eficaz accionar, lograron recuperar un tel\u00e9fono\u00a0denunciado como sustra\u00eddo y aprehendieron al presunto autor del hecho.<\/div>\n<div><\/div>\n<div>El procedimiento lo realizaron los mencionados polic\u00edas, cerca de las 23:30, cuando tras tomar conocimiento de la sustracci\u00f3n del tel\u00e9fono\u00a0celular, iniciaron\u00a0diversos trabajos de investigaci\u00f3n, que posibilit\u00f3 identificar al presunto autor del hecho.<\/div>\n<div><\/div>\n<div>Tal fue as\u00ed que en inmediaciones de calles Bonpland y Belgrano de esa ciudad, logran localizar y aprehender a esta persona, un hombre de 45 a\u00f1os de edad, hallando en poder del mismo el tel\u00e9fono\u00a0que fuera denunciado como sustra\u00eddo.<\/div>\n<div><\/div>\n<div>El aprehendido junto al tel\u00e9fono\u00a0recuperado fueron puestos a disposici\u00f3n de la autoridad fiscal interviniente, siendo trasladados a la citada dependencia policial, donde se prosigue con los tr\u00e1mites\u00a0que corresponden.<\/div>\n","protected":false},"excerpt":{"rendered":"<p>Policialas Jueves 4 de Diciembre de 2025 En horas de la noche de ayer 03 de diciembre, efectivos policiales de la Comisar\u00eda de distrito segunda de Paso de los Libres. En colaboraci\u00f3n con la unidad fiscal interviniente, tras un r\u00e1pido\u00a0y eficaz accionar, lograron recuperar un tel\u00e9fono\u00a0denunciado como sustra\u00eddo y aprehendieron al presunto autor del hecho. [&hellip;]<\/p>\n","protected":false},"author":2,"featured_media":4702,"comment_status":"open","ping_status":"open","sticky":false,"template":"","format":"standard","meta":{"footnotes":""},"categories":[77],"tags":[],"class_list":{"0":"post-4701","1":"post","2":"type-post","3":"status-publish","4":"format-standard","5":"has-post-thumbnail","7":"category-paso-de-los-libres"},"_links":{"self":[{"href":"https:\/\/elpueblonoticia.com.ar\/web\/wp-json\/wp\/v2\/posts\/4701","targetHints":{"allow":["GET"]}}],"collection":[{"href":"https:\/\/elpueblonoticia.com.ar\/web\/wp-json\/wp\/v2\/posts"}],"about":[{"href":"https:\/\/elpueblonoticia.com.ar\/web\/wp-json\/wp\/v2\/types\/post"}],"author":[{"embeddable":true,"href":"https:\/\/elpueblonoticia.com.ar\/web\/wp-json\/wp\/v2\/users\/2"}],"replies":[{"embeddable":true,"href":"https:\/\/elpueblonoticia.com.ar\/web\/wp-json\/wp\/v2\/comments?post=4701"}],"version-history":[{"count":1,"href":"https:\/\/elpueblonoticia.com.ar\/web\/wp-json\/wp\/v2\/posts\/4701\/revisions"}],"predecessor-version":[{"id":4703,"href":"https:\/\/elpueblonoticia.com.ar\/web\/wp-json\/wp\/v2\/posts\/4701\/revisions\/4703"}],"wp:featuredmedia":[{"embeddable":true,"href":"https:\/\/elpueblonoticia.com.ar\/web\/wp-json\/wp\/v2\/media\/4702"}],"wp:attachment":[{"href":"https:\/\/elpueblonoticia.com.ar\/web\/wp-json\/wp\/v2\/media?parent=4701"}],"wp:term":[{"taxonomy":"category","embeddable":true,"href":"https:\/\/elpueblonoticia.com.ar\/web\/wp-json\/wp\/v2\/categories?post=4701"},{"taxonomy":"post_tag","embeddable":true,"href":"https:\/\/elpueblonoticia.com.ar\/web\/wp-json\/wp\/v2\/tags?post=4701"}],"curies":[{"name":"wp","href":"https:\/\/api.w.org\/{rel}","templated":true}]}}