{"id":4698,"date":"2025-12-04T21:54:50","date_gmt":"2025-12-05T00:54:50","guid":{"rendered":"https:\/\/elpueblonoticia.com.ar\/web\/?p=4698"},"modified":"2025-12-04T21:54:50","modified_gmt":"2025-12-05T00:54:50","slug":"luna-llena-de-diciembre-en-geminis-que-significa-y-cuando-verla-en-argentina","status":"publish","type":"post","link":"https:\/\/elpueblonoticia.com.ar\/web\/2025\/12\/04\/luna-llena-de-diciembre-en-geminis-que-significa-y-cuando-verla-en-argentina\/","title":{"rendered":"Luna llena de diciembre en G\u00e9minis: qu\u00e9 significa y cu\u00e1ndo verla en Argentina"},"content":{"rendered":"<p><strong>Info general<\/strong><\/p>\n<p>Jueves 4 de Diciembre de 2025<\/p>\n<div class=\"x14z9mp xat24cr x1lziwak x1vvkbs xtlvy1s x126k92a\">\n<div dir=\"auto\">Este jueves 4 de diciembre ser\u00e1 el d\u00eda de la \u00faltima Superluna llena de 2025, un fen\u00f3meno astron\u00f3mico que se produce cuando la Luna alcanza su fase llena y se encuentra en el punto m\u00e1s cercano a la Tierra en su \u00f3rbita, conocido como perigeo. Este acontecimiento le da un aspecto m\u00e1s grande y brillante de lo habitual, lo que hace que sea especialmente llamativa.<\/div>\n<\/div>\n<div class=\"x14z9mp xat24cr x1lziwak x1vvkbs xtlvy1s x126k92a\">\n<div dir=\"auto\">El fen\u00f3meno se dar\u00e1 en el signo de G\u00e9minis, lo que le otorga un toque astrol\u00f3gico particular. En la astrolog\u00eda, G\u00e9minis est\u00e1 relacionado con la comunicaci\u00f3n, la curiosidad y la dualidad, por lo que se espera que esta Superluna traiga consigo momentos de reflexi\u00f3n sobre nuestros pensamientos, palabras y las decisiones que tomamos en nuestras relaciones y proyectos personales.<\/div>\n<\/div>\n<div class=\"x14z9mp xat24cr x1lziwak x1vvkbs xtlvy1s x126k92a\">\n<div dir=\"auto\">La Superluna ocurre cuando la Luna llena coincide con el momento en que el sat\u00e9lite natural est\u00e1 cerca del perigeo, su punto m\u00e1s cercano a la Tierra. Este fen\u00f3meno se distingue por su mayor luminosidad y tama\u00f1o, y se podr\u00e1 observar en su m\u00e1xima plenitud en la noche del 4 de diciembre.<\/div>\n<\/div>\n<div class=\"x14z9mp xat24cr x1lziwak x1vvkbs xtlvy1s x126k92a\">\n<div dir=\"auto\">Desde Argentina, el espect\u00e1culo ser\u00e1 visible a partir de las 20:05 horas (hora local), cuando la Luna comience a elevarse sobre el horizonte. El evento culminar\u00e1 con la ca\u00edda de la Luna a las 5:40 horas del d\u00eda siguiente, el viernes 5 de diciembre.<\/div>\n<\/div>\n","protected":false},"excerpt":{"rendered":"<p>Info general Jueves 4 de Diciembre de 2025 Este jueves 4 de diciembre ser\u00e1 el d\u00eda de la \u00faltima Superluna llena de 2025, un fen\u00f3meno astron\u00f3mico que se produce cuando la Luna alcanza su fase llena y se encuentra en el punto m\u00e1s cercano a la Tierra en su \u00f3rbita, conocido como perigeo. Este acontecimiento [&hellip;]<\/p>\n","protected":false},"author":2,"featured_media":4699,"comment_status":"open","ping_status":"open","sticky":false,"template":"","format":"standard","meta":{"footnotes":""},"categories":[78],"tags":[],"class_list":{"0":"post-4698","1":"post","2":"type-post","3":"status-publish","4":"format-standard","5":"has-post-thumbnail","7":"category-generales"},"_links":{"self":[{"href":"https:\/\/elpueblonoticia.com.ar\/web\/wp-json\/wp\/v2\/posts\/4698","targetHints":{"allow":["GET"]}}],"collection":[{"href":"https:\/\/elpueblonoticia.com.ar\/web\/wp-json\/wp\/v2\/posts"}],"about":[{"href":"https:\/\/elpueblonoticia.com.ar\/web\/wp-json\/wp\/v2\/types\/post"}],"author":[{"embeddable":true,"href":"https:\/\/elpueblonoticia.com.ar\/web\/wp-json\/wp\/v2\/users\/2"}],"replies":[{"embeddable":true,"href":"https:\/\/elpueblonoticia.com.ar\/web\/wp-json\/wp\/v2\/comments?post=4698"}],"version-history":[{"count":1,"href":"https:\/\/elpueblonoticia.com.ar\/web\/wp-json\/wp\/v2\/posts\/4698\/revisions"}],"predecessor-version":[{"id":4700,"href":"https:\/\/elpueblonoticia.com.ar\/web\/wp-json\/wp\/v2\/posts\/4698\/revisions\/4700"}],"wp:featuredmedia":[{"embeddable":true,"href":"https:\/\/elpueblonoticia.com.ar\/web\/wp-json\/wp\/v2\/media\/4699"}],"wp:attachment":[{"href":"https:\/\/elpueblonoticia.com.ar\/web\/wp-json\/wp\/v2\/media?parent=4698"}],"wp:term":[{"taxonomy":"category","embeddable":true,"href":"https:\/\/elpueblonoticia.com.ar\/web\/wp-json\/wp\/v2\/categories?post=4698"},{"taxonomy":"post_tag","embeddable":true,"href":"https:\/\/elpueblonoticia.com.ar\/web\/wp-json\/wp\/v2\/tags?post=4698"}],"curies":[{"name":"wp","href":"https:\/\/api.w.org\/{rel}","templated":true}]}}