{"id":4689,"date":"2025-12-04T10:39:30","date_gmt":"2025-12-04T13:39:30","guid":{"rendered":"https:\/\/elpueblonoticia.com.ar\/web\/?p=4689"},"modified":"2025-12-04T10:39:30","modified_gmt":"2025-12-04T13:39:30","slug":"el-bloque-del-pj-contara-con-cinco-concejales-a-partir-del-10-de-diciembre","status":"publish","type":"post","link":"https:\/\/elpueblonoticia.com.ar\/web\/2025\/12\/04\/el-bloque-del-pj-contara-con-cinco-concejales-a-partir-del-10-de-diciembre\/","title":{"rendered":"El bloque del PJ contar\u00e1 con cinco concejales a partir del 10 de diciembre"},"content":{"rendered":"<p><strong>Politica<\/strong><\/p>\n<p>4 de Diciembre de 2025<\/p>\n<p>Por Ignacio Villanueva<\/p>\n<p>En la actualidad cuenta con siete ediles pero con rupturas internas. En la \u00faltima elecci\u00f3n del 31 de agosto, el bloque deb\u00eda renovar cuatro bancas, pero solo alcanzaron dos. Sin embargo despu\u00e9s del 10 de diciembre, contar\u00e1 con cinco concejales \u201cpuros\u201d del Partido Justicialista. La primera minor\u00eda ser\u00e1 del bloque Vamos Corrientes, conformado por seis integrantes, tres de la UCR, uno del MID y dos de VC.<\/p>\n<p>El 10 diciembre se reconfigurar\u00e1 la composici\u00f3n del Concejo Deliberante, con la renovaci\u00f3n de seis de sus integrantes.<\/p>\n<p>El bloque del PJ, pasar\u00e1 a ser oposici\u00f3n, con cinco integrantes \u201cpuros\u201d del Partido Justicialista, Cesar Bares, Adriana Fern\u00e1ndez, Miguel Arias, y se suman, Marcelo Cuevas y Daiana Baldi.<\/p>\n<p>En la \u00faltima elecci\u00f3n del 31 de agosto, el bloque deb\u00eda renovar cuatro bancas, pero solo alcanzaron dos. En la puerta qued\u00f3 uno de los aliados del PJ, Fernando Tabare de Nuevo Encuentro.<\/p>\n<p>Finalizando el mandato de Mart\u00edn Asc\u00faa, el bloque oficialista, cuenta con siete concejales, cinco del PJ y dos aliados; Juan Legarreta del Frente Renovador y Juan Gauto Avancini de Nuevo Encuentro, que finalizan mandato. Un dato, el bloque lleg\u00f3 a tener en su mejor momento, ocho concejales, sobre trece, sumando a los aliados (2021-2023). Despu\u00e9s del 10 de diciembre, la bancada peronista, se quedar\u00e1 sin aliados frentistas.<\/p>\n<p>En el a\u00f1o en curso, el bloque del PJ, tuvo una ruptura interna, indisimulable con Alejandra Rojas, quien en la \u00faltima elecci\u00f3n particip\u00f3 como candidata por fuera de la org\u00e1nica del PJ.<\/p>\n<p>Seg\u00fan fuentes consultadas, la bancada peronista, adoptar\u00eda una postura de \u201coposici\u00f3n responsable\u201d, pero aclaran que la posici\u00f3n quedar\u00e1 sujeta a los \u201cavatares de los momentos pol\u00edticos\u201d.<\/p>\n<p>Por \u00faltimo, la primera minor\u00eda, ser\u00e1 del bloque Vamos Corrientes, una conjunci\u00f3n de seis integrantes; tres de la Uni\u00f3n C\u00edvica Radical, Tania Bonpland, Susana Espinoza y Mat\u00edas Almeida; uno del Movimiento de Integraci\u00f3n y Desarrollo (MID, Fernando N\u00fa\u00f1ez; y dos del partido Vamos Corrientes, Ricardo Barboza y \u201cGoia\u201d Danuzzo. A este esquema pol\u00edtico, quieren sumar a Oscar \u201cPipi\u201d Vischi, electo por la alianza Encuentro por Corrientes (ECO), pero todav\u00eda solo son tratativas.<\/p>\n<p>Como monobloque, y con dos a\u00f1os m\u00e1s de mandato por delante, continua, Pablo Vera (LLA).<\/p>\n","protected":false},"excerpt":{"rendered":"<p>Politica 4 de Diciembre de 2025 Por Ignacio Villanueva En la actualidad cuenta con siete ediles pero con rupturas internas. En la \u00faltima elecci\u00f3n del 31 de agosto, el bloque deb\u00eda renovar cuatro bancas, pero solo alcanzaron dos. Sin embargo despu\u00e9s del 10 de diciembre, contar\u00e1 con cinco concejales \u201cpuros\u201d del Partido Justicialista. La primera [&hellip;]<\/p>\n","protected":false},"author":2,"featured_media":4690,"comment_status":"open","ping_status":"open","sticky":false,"template":"","format":"standard","meta":{"footnotes":""},"categories":[77],"tags":[],"class_list":{"0":"post-4689","1":"post","2":"type-post","3":"status-publish","4":"format-standard","5":"has-post-thumbnail","7":"category-paso-de-los-libres"},"_links":{"self":[{"href":"https:\/\/elpueblonoticia.com.ar\/web\/wp-json\/wp\/v2\/posts\/4689","targetHints":{"allow":["GET"]}}],"collection":[{"href":"https:\/\/elpueblonoticia.com.ar\/web\/wp-json\/wp\/v2\/posts"}],"about":[{"href":"https:\/\/elpueblonoticia.com.ar\/web\/wp-json\/wp\/v2\/types\/post"}],"author":[{"embeddable":true,"href":"https:\/\/elpueblonoticia.com.ar\/web\/wp-json\/wp\/v2\/users\/2"}],"replies":[{"embeddable":true,"href":"https:\/\/elpueblonoticia.com.ar\/web\/wp-json\/wp\/v2\/comments?post=4689"}],"version-history":[{"count":1,"href":"https:\/\/elpueblonoticia.com.ar\/web\/wp-json\/wp\/v2\/posts\/4689\/revisions"}],"predecessor-version":[{"id":4691,"href":"https:\/\/elpueblonoticia.com.ar\/web\/wp-json\/wp\/v2\/posts\/4689\/revisions\/4691"}],"wp:featuredmedia":[{"embeddable":true,"href":"https:\/\/elpueblonoticia.com.ar\/web\/wp-json\/wp\/v2\/media\/4690"}],"wp:attachment":[{"href":"https:\/\/elpueblonoticia.com.ar\/web\/wp-json\/wp\/v2\/media?parent=4689"}],"wp:term":[{"taxonomy":"category","embeddable":true,"href":"https:\/\/elpueblonoticia.com.ar\/web\/wp-json\/wp\/v2\/categories?post=4689"},{"taxonomy":"post_tag","embeddable":true,"href":"https:\/\/elpueblonoticia.com.ar\/web\/wp-json\/wp\/v2\/tags?post=4689"}],"curies":[{"name":"wp","href":"https:\/\/api.w.org\/{rel}","templated":true}]}}