{"id":4685,"date":"2025-12-04T09:54:47","date_gmt":"2025-12-04T12:54:47","guid":{"rendered":"https:\/\/elpueblonoticia.com.ar\/web\/?p=4685"},"modified":"2025-12-04T09:54:47","modified_gmt":"2025-12-04T12:54:47","slug":"rige-asueto-administrativo-por-el-dia-del-empleado-publico-en-corrientes","status":"publish","type":"post","link":"https:\/\/elpueblonoticia.com.ar\/web\/2025\/12\/04\/rige-asueto-administrativo-por-el-dia-del-empleado-publico-en-corrientes\/","title":{"rendered":"Rige asueto administrativo por el D\u00eda del Empleado P\u00fablico en Corrientes"},"content":{"rendered":"<p><strong>Informaci\u00f3n general<\/strong><\/p>\n<p>4 de Diciembre de 2025<\/p>\n<h3>Este jueves 4 de diciembre se conmemora el D\u00eda del Empleado P\u00fablico Provincial.<\/h3>\n<div>Fecha establecida por la Ley 4067\/86, por lo que la Administraci\u00f3n p\u00fablica de Corrientes no brindar\u00e1 atenci\u00f3n en varios de sus organismos.<\/div>\n<div><\/div>\n<div>La fecha es considerada no laborable para los trabajadores estatales y regir\u00e1 como asueto administrativo con determinadas excepciones.<\/div>\n<div><\/div>\n<div>En este marco, la mayor\u00eda de las dependencias provinciales permanecer\u00e1n cerradas.<\/div>\n<div><\/div>\n<div>Entre ellas, el Instituto de Obra Social de la Provincia de Corrientes (Ioscor) y el Instituto de Previsi\u00f3n Social (IPS) no atender\u00e1n durante toda la jornada al igual que en otras oficinas de ministerios y entes descentralizados, excepto en aquellos que dispongan de guardias para garantizar servicios esenciales.<\/div>\n<div><\/div>\n<div>Por su parte, la Direcci\u00f3n Provincial de Energ\u00eda de Corrientes (DPEC) confirm\u00f3 que mantendr\u00e1 atenci\u00f3n normal, asegurando la continuidad de sus servicios habituales.<\/div>\n<div><\/div>\n<div>Adem\u00e1s, los establecimientos escolares de la Provincia brindar\u00e1n clases normalmente.<\/div>\n<div><\/div>\n<div>Mientras que en los organismos catalogados como servicios esenciales, tales como hospitales, centros de salud y \u00e1reas de emergencia y seguridad, se garantizar\u00e1 la atenci\u00f3n mediante guardias dispuestas para asegurar la prestaci\u00f3n b\u00e1sica a la comunidad.<\/div>\n<div><\/div>\n<div>Las actividades regulares en las oficinas p\u00fablicas provinciales se reanudar\u00e1n el viernes 5 de diciembre.<\/div>\n<div><\/div>\n<div id=\"share-post\"><\/div>\n","protected":false},"excerpt":{"rendered":"<p>Informaci\u00f3n general 4 de Diciembre de 2025 Este jueves 4 de diciembre se conmemora el D\u00eda del Empleado P\u00fablico Provincial. Fecha establecida por la Ley 4067\/86, por lo que la Administraci\u00f3n p\u00fablica de Corrientes no brindar\u00e1 atenci\u00f3n en varios de sus organismos. La fecha es considerada no laborable para los trabajadores estatales y regir\u00e1 como [&hellip;]<\/p>\n","protected":false},"author":2,"featured_media":4686,"comment_status":"open","ping_status":"open","sticky":false,"template":"","format":"standard","meta":{"footnotes":""},"categories":[72],"tags":[],"class_list":{"0":"post-4685","1":"post","2":"type-post","3":"status-publish","4":"format-standard","5":"has-post-thumbnail","7":"category-provinciales"},"_links":{"self":[{"href":"https:\/\/elpueblonoticia.com.ar\/web\/wp-json\/wp\/v2\/posts\/4685","targetHints":{"allow":["GET"]}}],"collection":[{"href":"https:\/\/elpueblonoticia.com.ar\/web\/wp-json\/wp\/v2\/posts"}],"about":[{"href":"https:\/\/elpueblonoticia.com.ar\/web\/wp-json\/wp\/v2\/types\/post"}],"author":[{"embeddable":true,"href":"https:\/\/elpueblonoticia.com.ar\/web\/wp-json\/wp\/v2\/users\/2"}],"replies":[{"embeddable":true,"href":"https:\/\/elpueblonoticia.com.ar\/web\/wp-json\/wp\/v2\/comments?post=4685"}],"version-history":[{"count":1,"href":"https:\/\/elpueblonoticia.com.ar\/web\/wp-json\/wp\/v2\/posts\/4685\/revisions"}],"predecessor-version":[{"id":4687,"href":"https:\/\/elpueblonoticia.com.ar\/web\/wp-json\/wp\/v2\/posts\/4685\/revisions\/4687"}],"wp:featuredmedia":[{"embeddable":true,"href":"https:\/\/elpueblonoticia.com.ar\/web\/wp-json\/wp\/v2\/media\/4686"}],"wp:attachment":[{"href":"https:\/\/elpueblonoticia.com.ar\/web\/wp-json\/wp\/v2\/media?parent=4685"}],"wp:term":[{"taxonomy":"category","embeddable":true,"href":"https:\/\/elpueblonoticia.com.ar\/web\/wp-json\/wp\/v2\/categories?post=4685"},{"taxonomy":"post_tag","embeddable":true,"href":"https:\/\/elpueblonoticia.com.ar\/web\/wp-json\/wp\/v2\/tags?post=4685"}],"curies":[{"name":"wp","href":"https:\/\/api.w.org\/{rel}","templated":true}]}}