{"id":4680,"date":"2025-12-04T09:40:24","date_gmt":"2025-12-04T12:40:24","guid":{"rendered":"https:\/\/elpueblonoticia.com.ar\/web\/?p=4680"},"modified":"2025-12-04T09:41:56","modified_gmt":"2025-12-04T12:41:56","slug":"4680","status":"publish","type":"post","link":"https:\/\/elpueblonoticia.com.ar\/web\/2025\/12\/04\/4680\/","title":{"rendered":"El Ministerio de Educaci\u00f3n confirm\u00f3 el calendario escolar 2026"},"content":{"rendered":"<p><strong>Educaci\u00e1n<\/strong><\/p>\n<p>4 de Diciembre de 2025<\/p>\n<div class=\"xdj266r x14z9mp xat24cr x1lziwak x1vvkbs x126k92a\">\n<div dir=\"auto\">El Ministerio de Educaci\u00f3n de Corrientes dio a conocer el calendario oficial del ciclo lectivo 2026, que establece la duraci\u00f3n del a\u00f1o escolar, la carga horaria m\u00ednima y la organizaci\u00f3n acad\u00e9mica para los niveles Inicial, Primario y Secundario.<\/div>\n<\/div>\n<div class=\"x14z9mp xat24cr x1lziwak x1vvkbs xtlvy1s x126k92a\">\n<div dir=\"auto\">Fechas principales del ciclo lectivo<\/div>\n<div dir=\"auto\">Inicio de clases: 2 de marzo de 2026<\/div>\n<div dir=\"auto\">Finalizaci\u00f3n: 18 de diciembre de 2026<\/div>\n<div dir=\"auto\">Receso invernal: del 13 al 24 de julio<\/div>\n<div dir=\"auto\">Carga horaria obligatoria<\/div>\n<div dir=\"auto\">La resoluci\u00f3n fija que cada d\u00eda de clase deber\u00e1 tener al menos cuatro horas reloj, y determina los siguientes m\u00ednimos anuales por nivel:<\/div>\n<\/div>\n<div class=\"x14z9mp xat24cr x1lziwak x1vvkbs xtlvy1s x126k92a\">\n<div dir=\"auto\">Inicial: 570 horas reloj<\/div>\n<div dir=\"auto\">Primario: 852 horas reloj<\/div>\n<div dir=\"auto\">Secundario: 925 horas reloj<\/div>\n<div dir=\"auto\">Organizaci\u00f3n en cuatrimestres<\/div>\n<div dir=\"auto\">Primer cuatrimestre: 2 de marzo al 31 de julio<\/div>\n<div dir=\"auto\">Segundo cuatrimestre: 1 de agosto al 11 de diciembre<\/div>\n<div dir=\"auto\">El Ministerio tambi\u00e9n aclar\u00f3 que las instituciones podr\u00e1n solicitar ajustes en el calendario \u201ccuando lo aconsejen razones geogr\u00e1ficas, clim\u00e1ticas, econ\u00f3micas, sociales o sanitarias\u201d.<\/div>\n<\/div>\n","protected":false},"excerpt":{"rendered":"<p>Educaci\u00e1n 4 de Diciembre de 2025 El Ministerio de Educaci\u00f3n de Corrientes dio a conocer el calendario oficial del ciclo lectivo 2026, que establece la duraci\u00f3n del a\u00f1o escolar, la carga horaria m\u00ednima y la organizaci\u00f3n acad\u00e9mica para los niveles Inicial, Primario y Secundario. Fechas principales del ciclo lectivo Inicio de clases: 2 de marzo [&hellip;]<\/p>\n","protected":false},"author":2,"featured_media":4681,"comment_status":"open","ping_status":"open","sticky":false,"template":"","format":"standard","meta":{"footnotes":""},"categories":[72],"tags":[],"class_list":{"0":"post-4680","1":"post","2":"type-post","3":"status-publish","4":"format-standard","5":"has-post-thumbnail","7":"category-provinciales"},"_links":{"self":[{"href":"https:\/\/elpueblonoticia.com.ar\/web\/wp-json\/wp\/v2\/posts\/4680","targetHints":{"allow":["GET"]}}],"collection":[{"href":"https:\/\/elpueblonoticia.com.ar\/web\/wp-json\/wp\/v2\/posts"}],"about":[{"href":"https:\/\/elpueblonoticia.com.ar\/web\/wp-json\/wp\/v2\/types\/post"}],"author":[{"embeddable":true,"href":"https:\/\/elpueblonoticia.com.ar\/web\/wp-json\/wp\/v2\/users\/2"}],"replies":[{"embeddable":true,"href":"https:\/\/elpueblonoticia.com.ar\/web\/wp-json\/wp\/v2\/comments?post=4680"}],"version-history":[{"count":3,"href":"https:\/\/elpueblonoticia.com.ar\/web\/wp-json\/wp\/v2\/posts\/4680\/revisions"}],"predecessor-version":[{"id":4684,"href":"https:\/\/elpueblonoticia.com.ar\/web\/wp-json\/wp\/v2\/posts\/4680\/revisions\/4684"}],"wp:featuredmedia":[{"embeddable":true,"href":"https:\/\/elpueblonoticia.com.ar\/web\/wp-json\/wp\/v2\/media\/4681"}],"wp:attachment":[{"href":"https:\/\/elpueblonoticia.com.ar\/web\/wp-json\/wp\/v2\/media?parent=4680"}],"wp:term":[{"taxonomy":"category","embeddable":true,"href":"https:\/\/elpueblonoticia.com.ar\/web\/wp-json\/wp\/v2\/categories?post=4680"},{"taxonomy":"post_tag","embeddable":true,"href":"https:\/\/elpueblonoticia.com.ar\/web\/wp-json\/wp\/v2\/tags?post=4680"}],"curies":[{"name":"wp","href":"https:\/\/api.w.org\/{rel}","templated":true}]}}