{"id":4667,"date":"2025-12-03T12:08:08","date_gmt":"2025-12-03T15:08:08","guid":{"rendered":"https:\/\/elpueblonoticia.com.ar\/web\/?p=4667"},"modified":"2025-12-03T12:34:54","modified_gmt":"2025-12-03T15:34:54","slug":"hospital-san-jose-el-eterno-reclamo-de-la-ciudadania-hacia-ese-nosocomio","status":"publish","type":"post","link":"https:\/\/elpueblonoticia.com.ar\/web\/2025\/12\/03\/hospital-san-jose-el-eterno-reclamo-de-la-ciudadania-hacia-ese-nosocomio\/","title":{"rendered":"Hospital San Jos\u00e9: El eterno reclamo de la ciudadan\u00eda hacia ese nosocomio"},"content":{"rendered":"<p><strong>Reclamos Ciudadanos<\/strong><\/p>\n<p>3 de Diciembre de 2025<\/p>\n<p><strong>Llega a nuestra sala de redacci\u00f3n el siguiente reclamo de un ciudadano de Libres<\/strong><\/p>\n<p>Buen d\u00eda,\u00a0 Pued\u00e9 poner en tu muro sobre una queja del hospital. Desde el lunes estoy queriendo sacar un turno para una ecograf\u00eda renal para una nena de 6 a\u00f1os y no contestan. Ayer mand\u00e9 mensaje a la tarde de nuevo y no llega. Es una verg\u00fcenza, encima vas y no te quieren dar el turno.<\/p>\n<p><img loading=\"lazy\" decoding=\"async\" class=\"alignnone size-medium wp-image-4668\" src=\"https:\/\/elpueblonoticia.com.ar\/web\/wp-content\/uploads\/2025\/12\/592708279_10240471423593936_1750955911236560565_n-135x300.jpg\" alt=\"\" width=\"135\" height=\"300\" srcset=\"https:\/\/elpueblonoticia.com.ar\/web\/wp-content\/uploads\/2025\/12\/592708279_10240471423593936_1750955911236560565_n-135x300.jpg 135w, https:\/\/elpueblonoticia.com.ar\/web\/wp-content\/uploads\/2025\/12\/592708279_10240471423593936_1750955911236560565_n-189x420.jpg 189w, https:\/\/elpueblonoticia.com.ar\/web\/wp-content\/uploads\/2025\/12\/592708279_10240471423593936_1750955911236560565_n.jpg 432w\" sizes=\"auto, (max-width: 135px) 100vw, 135px\" \/> <img loading=\"lazy\" decoding=\"async\" class=\"alignnone size-medium wp-image-4669\" src=\"https:\/\/elpueblonoticia.com.ar\/web\/wp-content\/uploads\/2025\/12\/594965948_10240471423993946_6559130086190705510_n-135x300.jpg\" alt=\"\" width=\"135\" height=\"300\" srcset=\"https:\/\/elpueblonoticia.com.ar\/web\/wp-content\/uploads\/2025\/12\/594965948_10240471423993946_6559130086190705510_n-135x300.jpg 135w, https:\/\/elpueblonoticia.com.ar\/web\/wp-content\/uploads\/2025\/12\/594965948_10240471423993946_6559130086190705510_n-189x420.jpg 189w, https:\/\/elpueblonoticia.com.ar\/web\/wp-content\/uploads\/2025\/12\/594965948_10240471423993946_6559130086190705510_n.jpg 432w\" sizes=\"auto, (max-width: 135px) 100vw, 135px\" \/><\/p>\n<p><strong>Editorial: Un sistema de salud en crisis<\/strong><\/p>\n<p>Por Rol\u00f3n Javier Adrian<\/p>\n<p>La queja de esta madre es un ejemplo m\u00e1s de la crisis que atraviesa el sistema de salud en nuestra ciudad. La falta de respuesta y la indiferencia hacia los pacientes son una constante en muchos hospitales y centros de salud. Es inaceptable que una nena de 6 a\u00f1os tenga que esperar d\u00edas para obtener un turno para una ecograf\u00eda renal, un estudio fundamental para su salud.<\/p>\n<p>Es hora de que las autoridades sanitarias tomen medidas concretas para mejorar la atenci\u00f3n y la calidad del servicio en nuestros hospitales. La salud es un derecho fundamental, no un privilegio. Es momento de exigir que se respeten los derechos de los pacientes y se brinde una atenci\u00f3n digna y oportuna.<\/p>\n<p>&nbsp;<\/p>\n","protected":false},"excerpt":{"rendered":"<p>Reclamos Ciudadanos 3 de Diciembre de 2025 Llega a nuestra sala de redacci\u00f3n el siguiente reclamo de un ciudadano de Libres Buen d\u00eda,\u00a0 Pued\u00e9 poner en tu muro sobre una queja del hospital. Desde el lunes estoy queriendo sacar un turno para una ecograf\u00eda renal para una nena de 6 a\u00f1os y no contestan. Ayer [&hellip;]<\/p>\n","protected":false},"author":2,"featured_media":4670,"comment_status":"open","ping_status":"open","sticky":false,"template":"","format":"standard","meta":{"footnotes":""},"categories":[77],"tags":[],"class_list":{"0":"post-4667","1":"post","2":"type-post","3":"status-publish","4":"format-standard","5":"has-post-thumbnail","7":"category-paso-de-los-libres"},"_links":{"self":[{"href":"https:\/\/elpueblonoticia.com.ar\/web\/wp-json\/wp\/v2\/posts\/4667","targetHints":{"allow":["GET"]}}],"collection":[{"href":"https:\/\/elpueblonoticia.com.ar\/web\/wp-json\/wp\/v2\/posts"}],"about":[{"href":"https:\/\/elpueblonoticia.com.ar\/web\/wp-json\/wp\/v2\/types\/post"}],"author":[{"embeddable":true,"href":"https:\/\/elpueblonoticia.com.ar\/web\/wp-json\/wp\/v2\/users\/2"}],"replies":[{"embeddable":true,"href":"https:\/\/elpueblonoticia.com.ar\/web\/wp-json\/wp\/v2\/comments?post=4667"}],"version-history":[{"count":4,"href":"https:\/\/elpueblonoticia.com.ar\/web\/wp-json\/wp\/v2\/posts\/4667\/revisions"}],"predecessor-version":[{"id":4674,"href":"https:\/\/elpueblonoticia.com.ar\/web\/wp-json\/wp\/v2\/posts\/4667\/revisions\/4674"}],"wp:featuredmedia":[{"embeddable":true,"href":"https:\/\/elpueblonoticia.com.ar\/web\/wp-json\/wp\/v2\/media\/4670"}],"wp:attachment":[{"href":"https:\/\/elpueblonoticia.com.ar\/web\/wp-json\/wp\/v2\/media?parent=4667"}],"wp:term":[{"taxonomy":"category","embeddable":true,"href":"https:\/\/elpueblonoticia.com.ar\/web\/wp-json\/wp\/v2\/categories?post=4667"},{"taxonomy":"post_tag","embeddable":true,"href":"https:\/\/elpueblonoticia.com.ar\/web\/wp-json\/wp\/v2\/tags?post=4667"}],"curies":[{"name":"wp","href":"https:\/\/api.w.org\/{rel}","templated":true}]}}