{"id":4664,"date":"2025-12-03T11:47:51","date_gmt":"2025-12-03T14:47:51","guid":{"rendered":"https:\/\/elpueblonoticia.com.ar\/web\/?p=4664"},"modified":"2025-12-03T11:47:51","modified_gmt":"2025-12-03T14:47:51","slug":"impulsan-trasladar-porsalud-a-la-tia-de-loandanilo-pena","status":"publish","type":"post","link":"https:\/\/elpueblonoticia.com.ar\/web\/2025\/12\/03\/impulsan-trasladar-porsalud-a-la-tia-de-loandanilo-pena\/","title":{"rendered":"Impulsan trasladar porsalud a la tia  de LoanDanilo Pe\u00f1a"},"content":{"rendered":"<p><strong>Caso Loan<\/strong><\/p>\n<p>3 de Diciembre de 2025<\/p>\n<div class=\"xdj266r x14z9mp xat24cr x1lziwak x1vvkbs x126k92a\">\n<div dir=\"auto\">En una novedad que reaviva el caso del ni\u00f1o desaparecido en Corrientes, la justicia autoriz\u00f3 que Laudelina Pe\u00f1a, t\u00eda de Loan, salga del penal federal donde est\u00e1 detenida para recibir atenci\u00f3n oftalmol\u00f3gica.<\/div>\n<\/div>\n<div class=\"x14z9mp xat24cr x1lziwak x1vvkbs xtlvy1s x126k92a\">\n<div dir=\"auto\">La mujer estaba alojada en el Complejo Penitenciario Federal N\u00b06 de Luj\u00e1n de Cuyo, en Mendoza. Las autoridades dispusieron su traslado bajo estrictas medidas de seguridad, dado que indican que la unidad penitenciaria no cuenta con especialistas adecuados para tratar sus problemas de vista.<\/div>\n<\/div>\n<div class=\"x14z9mp xat24cr x1lziwak x1vvkbs xtlvy1s x126k92a\">\n<div dir=\"auto\">La defensa de Pe\u00f1a \u2014a cargo de la abogada M\u00f3nica Chiriv\u00edn\u2014 solicit\u00f3 el operativo para evitar cualquier contacto con la imputada y prevenir posibles represalias. Se inform\u00f3 que permanecer\u00e1 aislada y custodiada durante todo el proceso.<\/div>\n<\/div>\n<div class=\"x14z9mp xat24cr x1lziwak x1vvkbs xtlvy1s x126k92a\">\n<div dir=\"auto\">Hasta el momento, se mantuvo en reserva el destino exacto del centro m\u00e9dico al que ser\u00e1 trasladada. Finalizada la revisi\u00f3n oftalmol\u00f3gica, la t\u00eda de Loan regresar\u00e1 al penal, donde continuar\u00e1 bajo custodia a la espera del avance de la causa.<\/div>\n<\/div>\n<div class=\"x14z9mp xat24cr x1lziwak x1vvkbs xtlvy1s x126k92a\">\n<div dir=\"auto\">El caso sigue generando gran conmoci\u00f3n p\u00fablica. La desaparici\u00f3n del menor, ocurrida en junio de 2024, dej\u00f3 una profunda huella en la comunidad, y los estamentos judiciales y sociales siguen de cerca cada novedad en la investigaci\u00f3n.<\/div>\n<\/div>\n","protected":false},"excerpt":{"rendered":"<p>Caso Loan 3 de Diciembre de 2025 En una novedad que reaviva el caso del ni\u00f1o desaparecido en Corrientes, la justicia autoriz\u00f3 que Laudelina Pe\u00f1a, t\u00eda de Loan, salga del penal federal donde est\u00e1 detenida para recibir atenci\u00f3n oftalmol\u00f3gica. La mujer estaba alojada en el Complejo Penitenciario Federal N\u00b06 de Luj\u00e1n de Cuyo, en Mendoza. [&hellip;]<\/p>\n","protected":false},"author":2,"featured_media":4665,"comment_status":"open","ping_status":"open","sticky":false,"template":"","format":"standard","meta":{"footnotes":""},"categories":[68],"tags":[],"class_list":{"0":"post-4664","1":"post","2":"type-post","3":"status-publish","4":"format-standard","5":"has-post-thumbnail","7":"category-policiales-nacionales"},"_links":{"self":[{"href":"https:\/\/elpueblonoticia.com.ar\/web\/wp-json\/wp\/v2\/posts\/4664","targetHints":{"allow":["GET"]}}],"collection":[{"href":"https:\/\/elpueblonoticia.com.ar\/web\/wp-json\/wp\/v2\/posts"}],"about":[{"href":"https:\/\/elpueblonoticia.com.ar\/web\/wp-json\/wp\/v2\/types\/post"}],"author":[{"embeddable":true,"href":"https:\/\/elpueblonoticia.com.ar\/web\/wp-json\/wp\/v2\/users\/2"}],"replies":[{"embeddable":true,"href":"https:\/\/elpueblonoticia.com.ar\/web\/wp-json\/wp\/v2\/comments?post=4664"}],"version-history":[{"count":1,"href":"https:\/\/elpueblonoticia.com.ar\/web\/wp-json\/wp\/v2\/posts\/4664\/revisions"}],"predecessor-version":[{"id":4666,"href":"https:\/\/elpueblonoticia.com.ar\/web\/wp-json\/wp\/v2\/posts\/4664\/revisions\/4666"}],"wp:featuredmedia":[{"embeddable":true,"href":"https:\/\/elpueblonoticia.com.ar\/web\/wp-json\/wp\/v2\/media\/4665"}],"wp:attachment":[{"href":"https:\/\/elpueblonoticia.com.ar\/web\/wp-json\/wp\/v2\/media?parent=4664"}],"wp:term":[{"taxonomy":"category","embeddable":true,"href":"https:\/\/elpueblonoticia.com.ar\/web\/wp-json\/wp\/v2\/categories?post=4664"},{"taxonomy":"post_tag","embeddable":true,"href":"https:\/\/elpueblonoticia.com.ar\/web\/wp-json\/wp\/v2\/tags?post=4664"}],"curies":[{"name":"wp","href":"https:\/\/api.w.org\/{rel}","templated":true}]}}